{"id":234,"date":"2019-01-30T21:27:26","date_gmt":"2019-01-30T21:27:26","guid":{"rendered":"https:\/\/wh449638.ispot.cc\/?p=234"},"modified":"2024-01-15T21:50:24","modified_gmt":"2024-01-15T20:50:24","slug":"ambasador-svedske-bh-kompanije-imaju-kvalitet-za-izvoz-u-eu","status":"publish","type":"post","link":"https:\/\/tvsensor.com\/clanak\/ambasador-svedske-bh-kompanije-imaju-kvalitet-za-izvoz-u-eu\/","title":{"rendered":"Ambasador \u0160vedske: Bh. kompanije imaju kvalitet za izvoz u EU"},"content":{"rendered":"\n<h4 class=\"wp-block-heading\">Ambasador \u0160vedske u Bosni i Hercegovini Anders Hagelberg posjetio je danas kompanije \u201cMilkos\u201d i \u201cAkova Group\u201d kako bi saznao vi\u0161e o izazovima i prilikama u sektoru mlije\u010dne industrije i peradarstva u BiH.<\/h4>\n\n\n\n<p>S rukovodiocima ovih bh. firmi razgovarao je izazovima pronalaska radne snage, konkurentnosti na evropskom tr\u017ei\u0161tu, ali i na potrebnim koracima ka pobolj\u0161anju generalne slike u smislu unapre\u0111enja vladavine prava.<\/p>\n\n\n\n<p>\u2013 U BiH vidim brojne primjere gdje su kompanije konkurentne na doma\u0107em i na me\u0111unarodnom terenu, kao \u0161to su i preduze\u0107a koja sam posjetio danas, a li ima jo\u0161 mnogo posla na generalnom unapre\u0111enju klime poslovanja u zemlji \u2013 smatra ambasador.<\/p>\n\n\n\n<p>Podsjetio je na najavu pro\u0161irenja liste mlije\u010dnih proizvoda iz BiH koji se mogu izvoziti na tr\u017ei\u0161te Evropske unije kao i pozitivnu preporuku kada je u pitanju liberalizacija i otvaranje vrata Evropske unije za proizvode od pile\u0107eg mesa.<\/p>\n\n\n\n<p>\u0160vedska osigurava oko 17 miliona eura godi\u0161nje za podr\u0161ku razli\u010ditih segmenata razvoja u BiH, a poljoprivreda \u010dini va\u017ean sektor u ovoj podr\u0161ci i u okviru toga, \u0160vedska i Sjedinjene Ameri\u010dke Dr\u017eave, podr\u017eavaju realizaciju FARMA II projekta.<\/p>\n\n\n\n<p>Ove dvije kompanije imaju saradnju s tim projektom, te su sektori u kojima rade napravili iskorak u okviru aktivnosti USAID\/Sweden FARMA II projekta koji planira realizaciju obuke i treninga za javni i privatni sektor o izazovima vezanim za izvoz mlijeka i proizvoda od mlijeka, prenijela je agencija Fena.<\/p>\n","protected":false},"excerpt":{"rendered":"<p>Ambasador \u0160vedske u Bosni i Hercegovini Anders Hagelberg posjetio je danas kompanije \u201cMilkos\u201d i \u201cAkova Group\u201d kako bi saznao vi\u0161e o izazovima i prilikama u sektoru mlije\u010dne industrije i peradarstva u BiH. S rukovodiocima ovih bh. firmi razgovarao je izazovima pronalaska radne snage, konkurentnosti na evropskom tr\u017ei\u0161tu, ali i na potrebnim koracima ka pobolj\u0161anju generalne [&hellip;]<\/p>\n","protected":false},"author":59,"featured_media":235,"comment_status":"open","ping_status":"closed","sticky":false,"template":"","format":"standard","meta":{"inline_featured_image":false,"footnotes":""},"categories":[43,42],"tags":[],"class_list":{"0":"post-234","1":"post","2":"type-post","3":"status-publish","4":"format-standard","5":"has-post-thumbnail","7":"category-bih","8":"category-ekonomija"},"acf":[],"_links":{"self":[{"href":"https:\/\/tvsensor.com\/api\/wp\/v2\/posts\/234","targetHints":{"allow":["GET"]}}],"collection":[{"href":"https:\/\/tvsensor.com\/api\/wp\/v2\/posts"}],"about":[{"href":"https:\/\/tvsensor.com\/api\/wp\/v2\/types\/post"}],"author":[{"embeddable":true,"href":"https:\/\/tvsensor.com\/api\/wp\/v2\/users\/59"}],"replies":[{"embeddable":true,"href":"https:\/\/tvsensor.com\/api\/wp\/v2\/comments?post=234"}],"version-history":[{"count":1,"href":"https:\/\/tvsensor.com\/api\/wp\/v2\/posts\/234\/revisions"}],"predecessor-version":[{"id":236,"href":"https:\/\/tvsensor.com\/api\/wp\/v2\/posts\/234\/revisions\/236"}],"wp:featuredmedia":[{"embeddable":true,"href":"https:\/\/tvsensor.com\/api\/wp\/v2\/media\/235"}],"wp:attachment":[{"href":"https:\/\/tvsensor.com\/api\/wp\/v2\/media?parent=234"}],"wp:term":[{"taxonomy":"category","embeddable":true,"href":"https:\/\/tvsensor.com\/api\/wp\/v2\/categories?post=234"},{"taxonomy":"post_tag","embeddable":true,"href":"https:\/\/tvsensor.com\/api\/wp\/v2\/tags?post=234"}],"curies":[{"name":"wp","href":"https:\/\/api.w.org\/{rel}","templated":true}]}}