{"id":23374,"date":"2021-02-03T20:39:27","date_gmt":"2021-02-03T19:39:27","guid":{"rendered":"https:\/\/senzor.ba\/?p=23374"},"modified":"2024-01-15T21:40:34","modified_gmt":"2024-01-15T20:40:34","slug":"zelimo-i-mozemo-zajedno","status":"publish","type":"post","link":"https:\/\/tvsensor.com\/clanak\/zelimo-i-mozemo-zajedno\/","title":{"rendered":"\u017delimo i mo\u017eemo zajedno"},"content":{"rendered":"\n<p>U okviru sedmice me\u0111ureligijskog dijaloga koja se obilje\u017eava u cijelom svijetu prve februarske sedmice, danas je u Muftijstvu zeni\u010dkom organiziran susret predstavnika Islamske i Jevrejske zajednice, te Katoli\u010dke i Pravoslavne crkve.<\/p>\n\n\n\n<p>Doma\u0107in susreta bio je muftija zeni\u010dki hfz. dr. Mevludin ef. Dizdarevi\u0107, koji je na po\u010detku susreta izrazio dobrodo\u0161licu i svoje zadovoljstvo \u0161to ovim zajedni\u0161tvom jesmo dijelom globalnih me\u0111ureligijskih susreta u ovoj sedmici.<\/p>\n\n\n\n<p>Pored glavnog imama Med\u017elisa IZ Zenica mr. Jakub ef. Salkice susretu su prisustvovali: Boris Ko\u017eemjakin predsjednik Jevrejske op\u0107ine Sarajevo i \u010dlan IO MRV BiH, don Anto Dominkovi\u0107 \u017eupnik \u017eupe BZBDM u Crkvicama, don Davor Topi\u0107 \u017eupnik \u017eupe sv. Josipa na Moku\u0161nicama, fra Stjepan Radi\u0107 vikar \u017eupe sv. Ilije u Novoj Zenici, jerej Marko Male\u0161 paroh Prve zeni\u010dke parohije, jerej Dra\u017een Andri\u0107 paroh Druge zeni\u010dke parohije, Josip Udiljak predsjednik Jevrejske op\u0107ine Zenica, Igor Ko\u017eemjakin hazan sarajevske Sinagoge, Vladimir Andrle stru\u010dni savjetnik MRV u ime Jevrejske zajednice, Kenan Hod\u017ei\u0107 sekretar OMS-a Zenica i Edin Kavazovi\u0107 rukovodilac slu\u017ebe za vjerske poslove Muftijstva zeni\u010dkog.<\/p>\n\n\n\n<p>Sa susreta je poru\u010deno da smo svi u istom \u010damcu i ko bu\u0161i rupe na tom \u010damcu, mora biti svjestan da samo svi zajedno mo\u017eemo potonuti i niko nema \u0161ansu da se spasi. Stoga, me\u0111ureligijski dijalog u na\u0161oj zemlji jeste osmi\u0161ljavanje na\u0161e ljep\u0161e stvarnosti i svjetlije budu\u0107nosti.<\/p>\n\n\n\n<p>muftijstvo.ba <\/p>\n","protected":false},"excerpt":{"rendered":"<p>U okviru sedmice me\u0111ureligijskog dijaloga koja se obilje\u017eava u cijelom svijetu prve februarske sedmice, danas je u Muftijstvu zeni\u010dkom organiziran susret predstavnika Islamske i Jevrejske zajednice, te Katoli\u010dke i Pravoslavne crkve. Doma\u0107in susreta bio je muftija zeni\u010dki hfz. dr. Mevludin ef. Dizdarevi\u0107, koji je na po\u010detku susreta izrazio dobrodo\u0161licu i svoje zadovoljstvo \u0161to ovim zajedni\u0161tvom [&hellip;]<\/p>\n","protected":false},"author":7,"featured_media":23375,"comment_status":"closed","ping_status":"closed","sticky":false,"template":"","format":"standard","meta":{"inline_featured_image":false,"footnotes":""},"categories":[155],"tags":[],"class_list":{"0":"post-23374","1":"post","2":"type-post","3":"status-publish","4":"format-standard","5":"has-post-thumbnail","7":"category-life-style"},"acf":[],"_links":{"self":[{"href":"https:\/\/tvsensor.com\/api\/wp\/v2\/posts\/23374","targetHints":{"allow":["GET"]}}],"collection":[{"href":"https:\/\/tvsensor.com\/api\/wp\/v2\/posts"}],"about":[{"href":"https:\/\/tvsensor.com\/api\/wp\/v2\/types\/post"}],"author":[{"embeddable":true,"href":"https:\/\/tvsensor.com\/api\/wp\/v2\/users\/7"}],"replies":[{"embeddable":true,"href":"https:\/\/tvsensor.com\/api\/wp\/v2\/comments?post=23374"}],"version-history":[{"count":1,"href":"https:\/\/tvsensor.com\/api\/wp\/v2\/posts\/23374\/revisions"}],"predecessor-version":[{"id":23376,"href":"https:\/\/tvsensor.com\/api\/wp\/v2\/posts\/23374\/revisions\/23376"}],"wp:featuredmedia":[{"embeddable":true,"href":"https:\/\/tvsensor.com\/api\/wp\/v2\/media\/23375"}],"wp:attachment":[{"href":"https:\/\/tvsensor.com\/api\/wp\/v2\/media?parent=23374"}],"wp:term":[{"taxonomy":"category","embeddable":true,"href":"https:\/\/tvsensor.com\/api\/wp\/v2\/categories?post=23374"},{"taxonomy":"post_tag","embeddable":true,"href":"https:\/\/tvsensor.com\/api\/wp\/v2\/tags?post=23374"}],"curies":[{"name":"wp","href":"https:\/\/api.w.org\/{rel}","templated":true}]}}