{"id":23366,"date":"2021-02-02T10:34:58","date_gmt":"2021-02-02T09:34:58","guid":{"rendered":"https:\/\/senzor.ba\/?p=23366"},"modified":"2024-01-15T21:40:34","modified_gmt":"2024-01-15T20:40:34","slug":"vise-od-cetvrtine-smrtnih-slucajeva-u-bih-se-mogu-pripisati-okolisnim-faktorima","status":"publish","type":"post","link":"https:\/\/tvsensor.com\/clanak\/vise-od-cetvrtine-smrtnih-slucajeva-u-bih-se-mogu-pripisati-okolisnim-faktorima\/","title":{"rendered":"Vi\u0161e od \u010detvrtine smrtnih slu\u010dajeva u BiH se mogu pripisati okoli\u0161nim faktorima"},"content":{"rendered":"\n<p>Visok nivo zaga\u0111enja vazduha, ograni\u010deni kapaciteti za upravljanje vodama i upravljanja otpadom, uklju\u010duju\u0107i ilegalna odlagali\u0161ta otpada, nekontrolisana gradnja, industrijsko zaga\u0111enje i drugi okoli\u0161ni problemi zajedno kombiniraju se tako da Bosna i Hercegovina ima jedan od najgorih u\u010dinaka u pogledu za\u0161tite okoli\u0161a u Evropi.<\/p>\n\n\n\n<p>Ovo je u razgovoru za Fenu ocijenio zamjenik \u0161efa Misije OSCE-a u BiH Dmitry Iordanidi, nagla\u0161avaju\u0107i da se&nbsp;prema podacima Evropske agencije za okoli\u0161, vi\u0161e od \u010detvrtine smrtnih slu\u010dajeva u BiH se mogu pripisati okoli\u0161nim faktorima, \u0161to je najvi\u0161i procenat u Evropi.<\/p>\n\n\n\n<p>&#8211; Svjetska banka je nedavno procijenila da samo zaga\u0111enje vazduha sitnim lebde\u0107im \u010desticama &nbsp;(PM 2,5) uzrokuje 3.300 preranih smrti u BiH svake godine i gubitak vi\u0161e od osam posto BDP-a. Neadekvatan fokus na okoli\u0161 na najvi\u0161im nivoima dono\u0161enja politi\u010dkih odluka, nedostatak stru\u010dnog znanja o okoli\u0161nom pravu i ograni\u010deni nivo svijesti javnosti o negativnom uticaju degradacije okoli\u0161a zajedno predstavljaju prepreku pozitivnim promjenama u ovoj oblasti &#8211; smatra on.<\/p>\n\n\n\n<p>&nbsp;Ka\u017ee kako je&nbsp;u\u010de\u0161\u0107e gra\u0111ana u dono\u0161enju odluka u vezi sa okoli\u0161em jo\u0161 uvijek na niskom nivou, ali to ne bi pripisao nedostatku interesovanja za okoli\u0161na pitanja.<\/p>\n\n\n\n<p>&#8211; Na primjer, istra\u017eivanje javnog mnjenja koje je Misija OSCE-a upravo obavila u Srednjobosanskom kantonu, \u010diji \u0107e rezultati biti uskoro objavljeni, pokazalo je da su skoro svi ispitanici rekli da su zabrinuti zbog stanja okoli\u0161a u njihovom mjestu stanovanja, kao i na globalnom nivou, te da su spremni promijeniti svoje navike i pona\u0161anje. Mladi u BiH su naro\u010dito svjesni okoli\u0161nih pitanja, a to je pokazano u razli\u010ditim istra\u017eivanjima percepcije javnosti. Me\u0111utim, istina je da nedostatak anga\u017emana gra\u0111ana i nedostatak svrsishodnih javnih konsultacija i javnih rasprava \u010desto daje odrije\u0161ene ruke onima koji provode politike djelovanja i projekte na \u0161tetu okoli\u0161a, zdravlja i dobrobiti gra\u0111ana &#8211; ka\u017ee Iordanidi.<\/p>\n\n\n\n<p>BiH je pristupila tzv. Aarhuskoj konvenciji jo\u0161 2008. godine. Tom Konvencijom se uspostavlja odre\u0111eni broj prava koje javnost (pojedinci i njihova udru\u017eenja) ima na raspolaganju u vezi sa okoli\u0161em, uklju\u010duju\u0107i pravo svake osobe da dobije informacije o okoli\u0161u koje su u posjedu tijela vlasti, pravo u\u010de\u0161\u0107a u dono\u0161enju odluka u vezi sa okoli\u0161em i pravo osporavanja javnih odluka koje su donesene bez po\u0161tovanja dva gore pomenuta prava ili okoli\u0161nog prava uop\u0161te.<\/p>\n\n\n\n<p>Na\u017ealost, isti\u010de Iordanidi, kao \u0161to je slu\u010daj sa mnogim drugim me\u0111unarodnim konvencijama i standardima, tijela vlasti BiH ne provode Konvenciju u dovoljnoj mjeri.<\/p>\n\n\n\n<p>&#8211; Nedostaci koje je zapazila Mre\u017ea Aarhus centara u BiH, koja djeluje uz podr\u0161ku OSCE-a, uklju\u010duju ograni\u010deni nivo svijesti gra\u0111ana o njihovim pravima koja proisti\u010du iz Konvencije, nedostatak kapaciteta ili op\u0161ti nedostatak volje tijela vlasti da u potpunosti provedu odredbe Konvencije, kao i brojne prepreke u pristupu pravdi u okoli\u0161nim pitanjima. Ti nedostaci omogu\u0107avaju nekontrolisanu degradaciju okoli\u0161a, izla\u017eu\u0107i riziku kvalitet \u017eivota, zdravlje i sigurnost ljudi u BiH.&nbsp;Iz tog razloga, mi u Misiji radimo na podizanju svijesti gra\u0111ana o Konvenciji te o okoli\u0161nim pravima, ali i odgovornostima, javnosti, u vezi sa u\u010de\u0161\u0107em u dono\u0161enju odluka koje se ti\u010du okoli\u0161a. Mi to \u010dinimo zbog toga \u0161to gra\u0111ani \u010desto postanu aktivni kada je ve\u0107 skoro prekasno \u2013 politike djelovanja su ve\u0107 usvojene, planovi su ve\u0107 izra\u0111eni, finansijska sredstva su potro\u0161ena i tek kada okoli\u0161ne posljedice tog djelovanja po\u010dnu da uti\u010du na njihovo zdravlje i dobrobit, oni postanu glasni i aktivniji. Da budemo jasni, to naravno nije njihova krivica. Tijela vlasti trebaju biti transparentna u dono\u0161enju odluka, izme\u0111u ostalog informi\u0161u\u0107i gra\u0111ane o njihovim pravima i odgovornostima i preuzimaju\u0107i odgovornost za za\u0161titu zdravlja i dobrobiti javnosti. Na\u017ealost, to sada nije slu\u010daj. Zbog toga je od klju\u010dne va\u017enosti da gra\u0111ani pozovu vlast na odgovornost za sva djela koja uti\u010du na njihove \u017eivote, izme\u0111u ostalog putem anga\u017eiranja u svim diskusijama i inicijativama koje mogu imati uticaja na okoli\u0161 &#8211; rekao je Iordanidi.<\/p>\n\n\n\n<p>Govore\u0107i o tome kako podsta\u0107i gra\u0111ane da u\u010destvuju u postupku dono\u0161enja odluka kada jo\u0161 uvijek imamo neodgovorne gra\u0111ane koji zaga\u0111uju okoli\u0161 svakog dana bez ikakve svijesti ili posljedica, Iordanidi ka\u017ee da samo kada ljudi postanu svjesni uticaja sopstvenog djelovanja na okoli\u0161 i posljedi\u010dno na sopstveno zdravlje i dobrobit mo\u017eemo govoriti o u\u010de\u0161\u0107u u postupku dono\u0161enja odluka.<\/p>\n\n\n\n<p>&#8211; Na primjer, slu\u0161amo i \u010ditamo o opasnom zaga\u0111enju vazduha u BiH, naro\u010dito tokom zime, a svi gra\u0111ani \u0107e se slo\u017eiti da je to neprihvatljivo i mora biti rije\u0161eno. Me\u0111utim, ne\u0107e mnogi od njih uzeti u razmatranje, na primjer, da pre\u0111u sa uglja na okoli\u0161no prihvatljivije energente, ili da koriste javni prijevoz, ili da zajedno sa prijateljima jednim vozilom putuju na posao ili da koriste bicikl umjesto automobila. Razumijemo da su za neke od ovih promjena potrebne finansijske investicije, ali mnoge od njih su izvedive uz minimalan napor ili sredstva , kao \u0161to je zajedni\u010dko putovanje jednim vozilom na posao. Da budem jasan, to nije ne\u0161to \u0161to je specifi\u010dno samo za BiH. Druge dr\u017eave u svijetu su se tako\u0111e suo\u010dile sa ovim problemom u nekom trenutku. Na svakog okoli\u0161no osvije\u0161tenog gra\u0111anina dolazi jedan koji to nije, ali za njih postoje stroge kazne, tako da morate platiti veliku sumu novca da biste bili okoli\u0161no neosvije\u0161teni &#8211; naveo je.<\/p>\n\n\n\n<p>Svjedoci smo degradacije i uni\u0161tavanja rijeka u BiH, bilo kroz zaga\u0111enje ili kroz veliki broj malih i mini hidroelektrana koje se grade. Neke gradnje hidroelektrana su zaustavljene kao rezultat anga\u017emana gra\u0111ana.<\/p>\n\n\n\n<p>&#8211; Bosna i Hercegovina ima izvanredne vodene resurse, kao \u0161to su predivne rijeke i potoci, ali, na\u017ealost, ne ula\u017ee se dovoljno truda u za\u0161titu ovog prekrasnog blaga. Rijeke, njeni kanjoni i doline predstavljaju va\u017ene prirodne resurse i potencijal za odr\u017eiv i odgovoran razvoj lokalnih zajednica, te svaka inicijativa ili akcija koja uti\u010de na ove prirodne resurse mora biti u skladu s principima Aarhuske konvencije i najvi\u0161im standardima za\u0161tite \u017eivotne sredine. Zbog toga je Misija pozdravila usvajanje Deklaracije o za\u0161titi rijeka od strane Predstavni\u010dkog doma FBiH, kao i zaklju\u010dka kojim se tra\u017ei revizija svih do sada izdatih saglasnosti za izgra\u0111ene mini hidroelektrane i one koje su u fazi izgradnje.&nbsp;To je ono \u0161to sam ve\u0107 ranije naglasio \u2013 ova aktivnost mora omogu\u0107iti punu primjenu jednog od glavnih principa Aarhuske konvencije, a to je osiguranje adekvatnih uslova za u\u010de\u0161\u0107e javnosti u ranoj fazi procesa dono\u0161enja odluka i pravilno uzimanje u obzir javnog mi\u0161ljenja &#8211; ka\u017ee&nbsp;Iordanidi.<\/p>\n\n\n\n<p>Po njegovim rije\u010dima, va\u017eno je naglasiti da je dobro upravljanje vodenim resursima od su\u0161tinskog zna\u010daja za o\u010duvanje javnog zdravlja i za\u0161ti\u0107ene \u017eivotne sredine, kao i za ja\u010danje stabilnosti. Kooperativno upravljanje je katalizator za odr\u017eiv razvoj i sveobuhvatnu sigurnost, te zahtijeva javno odgovorno, transparentno i fer upravljanje vodenim resursima. Tako\u0111e doprinosi i izgradnji povjerenja i veoma je va\u017eno za spre\u010davanje sukoba u vezi sa vodenim resursima na svim nivoima, kao i na nivou lokalne zajednice.<\/p>\n\n\n\n<p>Ono \u0161to je veliki problem u BiH jeste veliki broj nezakonitih odlagali\u0161ta otpada, \u0161to, prakti\u010dno, niko ne kontroli\u0161e.&nbsp;Iordanidi isti\u010de da je tretman otpada i dalje je jedan od najve\u0107ih problema u BiH, uprkos tome \u0161to su usvojeni okvirni zakoni za upravljanje otpadom. Prema zvani\u010dnim procjenama, broj divljih odlagali\u0161ta u BiH prelazi brojku od 1.000, dok se samo jedan posto op\u0161tinskog otpada reciklira.<\/p>\n\n\n\n<p>&#8211; Postoje\u0107i sistem upravljanja otpadom u BiH ne bilje\u017ei podatke o nagomilavanju otpada, prikupljanju, tretmanu ili odlaganju na sveobuhvatan i strukturiran na\u010din. Veliki problemi ne odnose se samo na otpad iz doma\u0107instava. Ve\u0107ini gradova u dr\u017eavi nedostaje organizovan sistem za prikupljanje i odlaganje kori\u0161tenog ulja, baterija, akumulatora, guma, elektri\u010dne opreme, vozila i poljoprivrednog otpada (\u017eivotinja i biljaka), medicinskog otpada, lijekova s isteklim rokom trajanja, pesticida i sli\u010dnih proizvoda.\u00a0Opasan otpad i hemikalije, ako se njima ne upravlja na ispravan na\u010din, mogu imati stra\u0161ne posljedice po \u017eivotnu sredinu i javno zdravlje jer mogu kontaminirati vodu, tlo i atmosferu.\u00a0Ponovo, vra\u0107amo se na sami izvor problema, a to je nedostatak odgovornosti vlasti koje bi trebale osigurati adekvatna odlagali\u0161ta otpada, s opcijama prikupljanja i recikla\u017ee, te sa jasnim kaznama za one koji to ne po\u0161tuju. S druge strane, neki gra\u0111ani nisu svjesni toga da nezakonitim odlaganjem otpada direktno ugro\u017eavaju svoje zdravlje i zdravlje svoje djece, da ne pominjem zdravlje ostalih gra\u0111ana i \u017eivotne sredine, op\u0107enito. Ponavljam, vlasti moraju uspostaviti efektivan sistem upravljanja otpadom koji \u0107e biti dostupan gra\u0111anima i putem kojeg \u0107e se otpadom rukovati na najpovoljniji mogu\u0107i na\u010din po \u017eivotnu sredinu &#8211; rekao je u razgovoru za Fenu zamjenik \u0161efa Misije OSCE-a u BiH Dmitry Iordanidi.<\/p>\n\n\n\n<p>Fena<\/p>\n","protected":false},"excerpt":{"rendered":"<p>Visok nivo zaga\u0111enja vazduha, ograni\u010deni kapaciteti za upravljanje vodama i upravljanja otpadom, uklju\u010duju\u0107i ilegalna odlagali\u0161ta otpada, nekontrolisana gradnja, industrijsko zaga\u0111enje i drugi okoli\u0161ni problemi zajedno kombiniraju se tako da Bosna i Hercegovina ima jedan od najgorih u\u010dinaka u pogledu za\u0161tite okoli\u0161a u Evropi. Ovo je u razgovoru za Fenu ocijenio zamjenik \u0161efa Misije OSCE-a u [&hellip;]<\/p>\n","protected":false},"author":7,"featured_media":23367,"comment_status":"closed","ping_status":"closed","sticky":false,"template":"","format":"standard","meta":{"inline_featured_image":false,"footnotes":""},"categories":[443],"tags":[],"class_list":{"0":"post-23366","1":"post","2":"type-post","3":"status-publish","4":"format-standard","5":"has-post-thumbnail","7":"category-ekologija"},"acf":[],"_links":{"self":[{"href":"https:\/\/tvsensor.com\/api\/wp\/v2\/posts\/23366","targetHints":{"allow":["GET"]}}],"collection":[{"href":"https:\/\/tvsensor.com\/api\/wp\/v2\/posts"}],"about":[{"href":"https:\/\/tvsensor.com\/api\/wp\/v2\/types\/post"}],"author":[{"embeddable":true,"href":"https:\/\/tvsensor.com\/api\/wp\/v2\/users\/7"}],"replies":[{"embeddable":true,"href":"https:\/\/tvsensor.com\/api\/wp\/v2\/comments?post=23366"}],"version-history":[{"count":1,"href":"https:\/\/tvsensor.com\/api\/wp\/v2\/posts\/23366\/revisions"}],"predecessor-version":[{"id":23368,"href":"https:\/\/tvsensor.com\/api\/wp\/v2\/posts\/23366\/revisions\/23368"}],"wp:featuredmedia":[{"embeddable":true,"href":"https:\/\/tvsensor.com\/api\/wp\/v2\/media\/23367"}],"wp:attachment":[{"href":"https:\/\/tvsensor.com\/api\/wp\/v2\/media?parent=23366"}],"wp:term":[{"taxonomy":"category","embeddable":true,"href":"https:\/\/tvsensor.com\/api\/wp\/v2\/categories?post=23366"},{"taxonomy":"post_tag","embeddable":true,"href":"https:\/\/tvsensor.com\/api\/wp\/v2\/tags?post=23366"}],"curies":[{"name":"wp","href":"https:\/\/api.w.org\/{rel}","templated":true}]}}