{"id":23363,"date":"2021-02-02T10:22:33","date_gmt":"2021-02-02T09:22:33","guid":{"rendered":"https:\/\/senzor.ba\/?p=23363"},"modified":"2024-01-15T21:40:34","modified_gmt":"2024-01-15T20:40:34","slug":"559-godina-isa-begove-vakufname-rodnog-lista-sarajeva-1-februar-2-mart-1462","status":"publish","type":"post","link":"https:\/\/tvsensor.com\/clanak\/559-godina-isa-begove-vakufname-rodnog-lista-sarajeva-1-februar-2-mart-1462\/","title":{"rendered":"559 godina Isa-begove vakufname \u2013 rodnog lista Sarajeva (1. februar \u2013 2. mart 1462.)"},"content":{"rendered":"\n<p>Isa-beg Ishakovi\u0107, osmanski vojskovo\u0111a i osniva\u010d Sarajeva, svoju vakufnamu ovjerio je na sudu u mjesecu d\u017eumadel- ula 866. hid\u017eretske godine, \u0161to odgovara periodu izme\u0111u 1. februara i 2. marta 1462. godine, objavio je danas Historijski arhiv Sarajevo.<\/p>\n\n\n\n<p>Uvakufljavanje je predstavljalo posljednji \u010din legalizacije ve\u0107 ranije izgra\u0111enih objekata.<\/p>\n\n\n\n<p>Ovim dokumentom osnovane su zadu\u017ebine-vakufi koje se smatraju po\u010detnim objektima grada Sarajeva.<\/p>\n\n\n\n<p>Isa-beg Ishakovi\u0107 je podigao tekiju na Bentba\u0161i, Kolobara han na Ba\u0161\u010dar\u0161iji, hamam uz Carevu d\u017eamiju, te izgradio vodovod i mlinove na rijeci Miljacki.<\/p>\n\n\n\n<p>Preporod.info<\/p>\n","protected":false},"excerpt":{"rendered":"<p>Isa-beg Ishakovi\u0107, osmanski vojskovo\u0111a i osniva\u010d Sarajeva, svoju vakufnamu ovjerio je na sudu u mjesecu d\u017eumadel- ula 866. hid\u017eretske godine, \u0161to odgovara periodu izme\u0111u 1. februara i 2. marta 1462. godine, objavio je danas Historijski arhiv Sarajevo. Uvakufljavanje je predstavljalo posljednji \u010din legalizacije ve\u0107 ranije izgra\u0111enih objekata. Ovim dokumentom osnovane su zadu\u017ebine-vakufi koje se smatraju [&hellip;]<\/p>\n","protected":false},"author":7,"featured_media":23364,"comment_status":"closed","ping_status":"closed","sticky":false,"template":"","format":"standard","meta":{"inline_featured_image":false,"footnotes":""},"categories":[37,38],"tags":[],"class_list":{"0":"post-23363","1":"post","2":"type-post","3":"status-publish","4":"format-standard","5":"has-post-thumbnail","7":"category-vijesti","8":"category-vijesti-iz-bih"},"acf":[],"_links":{"self":[{"href":"https:\/\/tvsensor.com\/api\/wp\/v2\/posts\/23363","targetHints":{"allow":["GET"]}}],"collection":[{"href":"https:\/\/tvsensor.com\/api\/wp\/v2\/posts"}],"about":[{"href":"https:\/\/tvsensor.com\/api\/wp\/v2\/types\/post"}],"author":[{"embeddable":true,"href":"https:\/\/tvsensor.com\/api\/wp\/v2\/users\/7"}],"replies":[{"embeddable":true,"href":"https:\/\/tvsensor.com\/api\/wp\/v2\/comments?post=23363"}],"version-history":[{"count":1,"href":"https:\/\/tvsensor.com\/api\/wp\/v2\/posts\/23363\/revisions"}],"predecessor-version":[{"id":23365,"href":"https:\/\/tvsensor.com\/api\/wp\/v2\/posts\/23363\/revisions\/23365"}],"wp:featuredmedia":[{"embeddable":true,"href":"https:\/\/tvsensor.com\/api\/wp\/v2\/media\/23364"}],"wp:attachment":[{"href":"https:\/\/tvsensor.com\/api\/wp\/v2\/media?parent=23363"}],"wp:term":[{"taxonomy":"category","embeddable":true,"href":"https:\/\/tvsensor.com\/api\/wp\/v2\/categories?post=23363"},{"taxonomy":"post_tag","embeddable":true,"href":"https:\/\/tvsensor.com\/api\/wp\/v2\/tags?post=23363"}],"curies":[{"name":"wp","href":"https:\/\/api.w.org\/{rel}","templated":true}]}}