{"id":23347,"date":"2021-02-02T06:40:47","date_gmt":"2021-02-02T05:40:47","guid":{"rendered":"https:\/\/senzor.ba\/?p=23347"},"modified":"2024-01-15T21:40:35","modified_gmt":"2024-01-15T20:40:35","slug":"grad-mostar-i-komunalna-preduzeca-tuzili-gradjane-guse-volju-naroda-sutra-organiziramo-proteste","status":"publish","type":"post","link":"https:\/\/tvsensor.com\/clanak\/grad-mostar-i-komunalna-preduzeca-tuzili-gradjane-guse-volju-naroda-sutra-organiziramo-proteste\/","title":{"rendered":"Grad Mostar i komunalna preduze\u0107a tu\u017eili gra\u0111ane: &#8220;Gu\u0161e volju naroda, sutra organiziramo proteste&#8221;"},"content":{"rendered":"\n<p>Grad Mostar i komunalna preduze\u0107a Komos, Parkovi i Deponija tu\u017eili su Udru\u017eenje &#8220;Jer nas se ti\u010de&#8221; zbog blokade deponije Uborak 2019. i 2020. godine, te tra\u017ee naknadu \u0161tete vi\u0161e od 600.000 KM. Zbog toga \u0107e aktivisti Udru\u017eenja sutra ujutro organizirati protest ispred deponije Uborak.<br>Kako je objasnio Omer Hujdur, predsjednika Udru\u017eenja, tu\u017ebom se tra\u017ei nadoknada \u0161tete za period blokade, kada kaomunalni otpad nije mogao biti deponovan na deponiju.Deponija nema okolinsku dozvolu i radi ilegalno. To se odnosi na blokade kada smo u dva navrata zaustavili ulaz komunalnim kamionima na deponiju. Tako smo zaustavili odvoz sme\u0107a jer nismo imali drugog na\u010dina, nisu htjeli komunicirati s nama i to nam je bio jedini izlaz. Mi od 2015. godine radimo sa njima , dogovaramo i pregovaramo, \u0161aljemo molbe, \u017ealbe i peticije. Kada niko nije htio da se oglasi, da odgovara, uradili smo to \u0161to smo uradili \u2013 kazao je Hujdur.<\/p>\n\n\n\n<p><br><strong>Negodovanje gra\u0111ana<\/strong><\/p>\n\n\n\n<p><br>Istakao je da su oni koji su ih tu\u017eili procijenili da je time prouzro\u010dena \u0161teta od oko 639.000 KM, koju tra\u017ee da im gra\u0111ani izmire.<\/p>\n\n\n\n<p>Zbog toga sutra ujutro organiziramo proteste. Izra\u017eavamo svoje negodovanje na ovu njihovu tu\u017ebu, ali i odluku na\u0161eg Tu\u017eila\u0161tva da ovo uzme u razmatranje. Na ovaj na\u010din gu\u0161e volju naroda, demokratsko pravo da izrazi svoje nezadovoljstvo. Kako sam ve\u0107 rekao, prvo smo poku\u0161ali svim mogu\u0107im sredstvima, a kada nije ni\u0161ta uspjelo, onda smo uradili blokadu \u2013 objasnio je.<\/p>\n\n\n\n<p><br>Hujdur je kazao da, ukoliko ishod tu\u017ebe bude onakav kako je u njoj navedeno, Udru\u017eenje nema na\u010dina da izmiri \u0161tetu koja se potra\u017euje.<\/p>\n\n\n\n<p>Najvi\u0161e \u0161to mogu uraditi jeste blokirati nam ra\u010dune. Na to i idu, kako bi nas ugasili, ugasili volju stanovni\u0161tva. Ono \u0161to je nevjerovatno je da nas tu tu\u017ee da smo mi o\u0161tetili ugled Grada Mostara, koji je na\u017ealost poslije dvije decenije vladavine postoje\u0107e strukture Ljube Be\u0161li\u0107a i ostale ekipe toliko srozan da i ne postoji. Apsolutno je nemogu\u0107e naru\u0161iti ne\u0161to \u0161to ne postoji, do te mjere su oni srozali sve u gradu Mostar.<\/p>\n\n\n\n<p><br>Istakao je da se nada kako \u0107e oni koji su to sve pokrenuli povi\u0107i tu\u017ebu u \u0161to kra\u0107em mogu\u0107em roku.<\/p>\n\n\n\n<p>U protivnom idemo kontratu\u017ebom. Vjerovatno \u0107emo napraviti hiljade pojedina\u010dnih tu\u017ebi koje \u0107e gra\u0111ani potpisati i uputiti ih Tu\u017eila\u0161tvu. One \u0107e biti i protiv Grada i protiv deponije i komunalnih preduze\u0107a koja ne rade svoj posao, pa \u0107emo vidjeti. Borit \u0107emo se, idemo njihovim stopama.<\/p>\n\n\n\n<p><br>Hujdur je dodao da su im svi novoizabrani vije\u0107nici obe\u0107ali da \u0107e se boriti za izmje\u0161tanje deponije i njenog uklanjanje sa prostora na kojem se trenutno nalazi.<\/p>\n\n\n\n<p>Oni su to i potpisali. Imamo pismene izjave svih njih da \u0107e raditi na izmje\u0161tanju deponije sa ovih prostora. Mi smo u svim na\u0161im dosada\u0161njim blokadama pravili pritisak na gradske i kantonalne vlasti da se ona izmjesti na \u0161est lokacija i bilo je to krenulo u nekom smjeru, me\u0111utim odjednom su stali kad je pandemija progla\u0161ena i na tome je ostalo. Vi\u0161e niko ni\u0161ta nije uradio po tom pitanju \u2013 kazao je.<\/p>\n\n\n\n<p><br><strong>Ekolo\u0161ka katastrofa<\/strong><\/p>\n\n\n\n<p><br>Prema njegovim rije\u010dima, deponija postoji od 1960. godine. Ona je 1990. godine zbog lo\u0161eg utjecaja na oklinu, \u017eivot i zdravlje stanovni\u0161tva po hitnom postupku zatvorena.<\/p>\n\n\n\n<p>Deponija je tada ugro\u017eavala \u017eivot i zdravlje stanovni\u0161tva, a mo\u017eete misliti u kakvom je stanju to 30 godina poslije. Klima ne dozvoljava da ona bude na tom mjestu. Tu su ru\u017ee vjetrova, stra\u0161ni vjetrovi i bure, imate najvodopropusnije tlo koje postoji u BiH, oko nje su najve\u0107i vinogradi u BiH i svi mi u cijeloj dr\u017eavi jedemo gro\u017e\u0111e sa tih vinograda. Oni se zalijevaju iz bu\u0161otina koje idu ispod deponija. Onda imamo vodu koju pijemo, glavna pumpa za grad Mostar je kilometar udaljena od deponije. Rijeka Neretva je udaljena kilometar od deponije, u koju idu oborinske vode sa deponije i oko deponije, ulijevaju se bez ikakvih filtera. To je ekolo\u0161ka katarstrofa i nevjerovatno je da u dana\u0161nje vrijeme takvo ne\u0161to postoji \u2013 naglasio je Hujdur.<\/p>\n\n\n\n<p><br>Na\u0161 sagovornik je dodao da je evidentiran nevjerovatan porast oboljelih od karcinoma, \u0161to se tako\u0111er pripisuje deponiji.<\/p>\n\n\n\n<p>Imate izvje\u0161taj dr\u017eavne agencije, koji ka\u017ee da je enorman, stopostotni porast iz godine u godinu oboljelih od karcinoma u Mostaru. Mi nemamo nikakve industrije i apsolutno nikakvih zaga\u0111iva\u010da i jedini uzro\u010dnik toga mo\u017ee biti deponija, ne treba biti nekakav filozof da bise to dokazalo \u2013 zaklju\u010dio je.<\/p>\n\n\n\n<p>Faktor<\/p>\n","protected":false},"excerpt":{"rendered":"<p>Grad Mostar i komunalna preduze\u0107a Komos, Parkovi i Deponija tu\u017eili su Udru\u017eenje &#8220;Jer nas se ti\u010de&#8221; zbog blokade deponije Uborak 2019. i 2020. godine, te tra\u017ee naknadu \u0161tete vi\u0161e od 600.000 KM. Zbog toga \u0107e aktivisti Udru\u017eenja sutra ujutro organizirati protest ispred deponije Uborak.Kako je objasnio Omer Hujdur, predsjednika Udru\u017eenja, tu\u017ebom se tra\u017ei nadoknada \u0161tete [&hellip;]<\/p>\n","protected":false},"author":7,"featured_media":23348,"comment_status":"closed","ping_status":"closed","sticky":false,"template":"","format":"standard","meta":{"inline_featured_image":false,"footnotes":""},"categories":[443],"tags":[],"class_list":{"0":"post-23347","1":"post","2":"type-post","3":"status-publish","4":"format-standard","5":"has-post-thumbnail","7":"category-ekologija"},"acf":[],"_links":{"self":[{"href":"https:\/\/tvsensor.com\/api\/wp\/v2\/posts\/23347","targetHints":{"allow":["GET"]}}],"collection":[{"href":"https:\/\/tvsensor.com\/api\/wp\/v2\/posts"}],"about":[{"href":"https:\/\/tvsensor.com\/api\/wp\/v2\/types\/post"}],"author":[{"embeddable":true,"href":"https:\/\/tvsensor.com\/api\/wp\/v2\/users\/7"}],"replies":[{"embeddable":true,"href":"https:\/\/tvsensor.com\/api\/wp\/v2\/comments?post=23347"}],"version-history":[{"count":4,"href":"https:\/\/tvsensor.com\/api\/wp\/v2\/posts\/23347\/revisions"}],"predecessor-version":[{"id":23355,"href":"https:\/\/tvsensor.com\/api\/wp\/v2\/posts\/23347\/revisions\/23355"}],"wp:featuredmedia":[{"embeddable":true,"href":"https:\/\/tvsensor.com\/api\/wp\/v2\/media\/23348"}],"wp:attachment":[{"href":"https:\/\/tvsensor.com\/api\/wp\/v2\/media?parent=23347"}],"wp:term":[{"taxonomy":"category","embeddable":true,"href":"https:\/\/tvsensor.com\/api\/wp\/v2\/categories?post=23347"},{"taxonomy":"post_tag","embeddable":true,"href":"https:\/\/tvsensor.com\/api\/wp\/v2\/tags?post=23347"}],"curies":[{"name":"wp","href":"https:\/\/api.w.org\/{rel}","templated":true}]}}