{"id":23276,"date":"2021-02-01T00:07:24","date_gmt":"2021-01-31T23:07:24","guid":{"rendered":"https:\/\/senzor.ba\/?p=23276"},"modified":"2024-01-15T21:40:36","modified_gmt":"2024-01-15T20:40:36","slug":"bosanski-teritorij-na-karti-o-periodu-iz-7-vijeka-prije-nove-ere","status":"publish","type":"post","link":"https:\/\/tvsensor.com\/clanak\/bosanski-teritorij-na-karti-o-periodu-iz-7-vijeka-prije-nove-ere\/","title":{"rendered":"BOSANSKI TERITORIJ NA KARTI O PERIODU IZ 7. VIJEKA PRIJE NOVE ERE!"},"content":{"rendered":"\n<p><em>Karta Bosanskog tla iz 7 vijeka prije pojave Ise \u2013 Isusa Hrista, objavljena je u okviru kulturolo\u0161kog predstavljanja Evrope, izdanje Francuske Nacionalne biblioteke u Atlasu \u201cEVROPA KROZ VIJEKOVE\u201d. Na vrhu lijevo, ove karte, stoji \u201cALTERE EISENZEIT 700 \u2013 450 v. Chr.\u201d<\/em><br><\/p>\n\n\n\n<p>Sami natpisi su starog Duch jezika, staronjema\u010dkog \u2013 mada se danas ova dva jezika, Duch i Deutsch, dobro razlikuju radi pretrpljene modernizacije Njema\u010dkog jezika.<\/p>\n\n\n\n<p>Teritorija Bosne ozna\u010dena je natpisom \u201cBOSNISCHE\u201d i zahvata geografsko podru\u010dje od Jadranskog mora pa do u dubinu kopna dijelova dana\u0161njih drzava Bosne, Hrvatske, Srbije i dijelove teritorije Crne gore. Ako ovu kartu usporedimo sa kartom lokacija otkrivenih ste\u0107aka, one se potpuno podudaraju. Jo\u0161 je ne\u0161to veoma interesantno. U susjedstvu se pojavljuju natpisi Illyici, Hallstatty, Kullur.<\/p>\n\n\n\n<p>U vrijeme kad povampirene snage, kako vanjskog neprijatelja tako i unutra\u0161njih izdajnika, nastoje da realizuju, na la\u017eima strpljivo ispredanu, historiju Bosne zapjenjenih mu\u010dkova raznoraznih akademskih znanja, a posebno uljuljkanih la\u017eohistori\u010dara, u lice im bacamo ovaj dokument. Dokaz i izazov.<\/p>\n\n\n\n<p>Kartu koja dokazuje da Bosna \u017eivi preko 2700 godina ili 27 vjekova. Pile\u0107i mozgovi skloni prepisiva\u010dinama doma\u0107ih zadataka i izvrtanjima napisanih naga\u0111anja prema \u0107eifu naru\u010dioca, kitili su se oreolima znanstvenika ili neprikosnovenih akademskih veli\u010dina. Ogledalo istine pokazuje i dokazuje njihov karakter i su\u0161tinu.<\/p>\n\n\n\n<div class=\"wp-block-image\"><figure class=\"alignright\"><img decoding=\"async\" src=\"https:\/\/i1.wp.com\/www.udarno.org\/wp-content\/uploads\/2015\/08\/karta-bosne-1.jpg\" alt=\"\"\/><\/figure><\/div>\n\n\n\n<p>Ko je ro\u0111en, \u017eivio i \u017eivi na Bosanskom tlu? Doseljenici, varvari, la\u017eovi, krivotvorci, krivokletnici \u2013 ili Bosanski narod! Iako genetika dokazuje da se Bosanski \u010dovjek razlikuje od izmi\u0161ljenih nadrinaroda, la\u017ei i zata\u0161kavanja imaju za cilj sakriti istinu. Bez obzira \u010dime se laz slu\u017eila, ona je nemo\u0107na pred istinom.<\/p>\n\n\n\n<p>Lahko je ubijediti neuka Balkanca da je \u201csir nastao od snijega\u201d, ali je te\u0161ko sakriti tu la\u017e od onih koji se dr\u017ee prirodnih zakona i logi\u010dki postavljaju pitanja ne mire\u0107i se sa tabu temama. Zakon materije i energije izre\u010den rije\u010dima \u201csve to \u0161to jeste, \u0161to je bilo kada bilo, ili \u0161to \u0107e bilo kada biti \u2013 nije nastalo iz ni\u0161ta. Niti to \u0161to jeste, mo\u017ee da se pretvori u ni\u0161ta\u201d, zasvrbi \u017eednog znanja i prirodno logi\u010dnog obja\u0161njenja.<br><br><\/p>\n\n\n\n<p>Bosna, geografski smje\u0161tena kao raskrsnica puteva ali popri\u0161te borbe razli\u010ditih kultura, ideologija, vjera, ekonomskih i vojnih sila, kroz svoju dugu historiju paljena, plja\u010dkana, osvajana ali nikad porobljena, pretrpila je ogromne i neprocjenjive materijalne, kulturne i historijske \u0161tete. Iz nje su nosili historijsku i kulturnu ba\u0161tinu \u0161akom i kapom, osvaja\u010di, prijatelji i kom\u0161ije. Iza sebe su ostavljali krvavu zemlju, pusto\u0161 i la\u017e.<\/p>\n\n\n\n<p>Upravo na tim la\u017eima, vjekovima je pisana historijska pri\u010da, prema \u017eeljama i apetitima naru\u010dilaca. a kako to vjernici ka\u017eu da zadovolje svoju du\u0161u, \u201cBog je bio uvijek na strani istine i pravde\u201d, tako su i dokazi o Bosni strpljivo poput ste\u0107aka \u010dekali svoje vrijeme istine.<\/p>\n\n\n\n<p>Istina o Bosni tek se po\u010dinje obznanjivati. Fascinantna i neprikosnovena. Po\u010dev od revolucionarnog otkri\u0107a Bosanskih piramida do obznanjivanja karte o postojanju \u201ctermina i teritorije\u201d Bosne. Ono \u0161to je posebno interesantno, ova karta objavljena je u zemlji koja se nije pokazala ba\u0161 kao veliki prijatelj Bosne i Bosanaca, ali je nemo\u0107na da prikrije istinu kako zbog same sebe, tako i zbog drugih oko sebe.<\/p>\n\n\n\n<p>(udarno.org\/mb)<\/p>\n","protected":false},"excerpt":{"rendered":"<p>Karta Bosanskog tla iz 7 vijeka prije pojave Ise \u2013 Isusa Hrista, objavljena je u okviru kulturolo\u0161kog predstavljanja Evrope, izdanje Francuske Nacionalne biblioteke u Atlasu \u201cEVROPA KROZ VIJEKOVE\u201d. Na vrhu lijevo, ove karte, stoji \u201cALTERE EISENZEIT 700 \u2013 450 v. Chr.\u201d Sami natpisi su starog Duch jezika, staronjema\u010dkog \u2013 mada se danas ova dva jezika, [&hellip;]<\/p>\n","protected":false},"author":59,"featured_media":23277,"comment_status":"closed","ping_status":"closed","sticky":false,"template":"","format":"standard","meta":{"inline_featured_image":false,"footnotes":""},"categories":[376,47,46,53],"tags":[],"class_list":{"0":"post-23276","1":"post","2":"type-post","3":"status-publish","4":"format-standard","5":"has-post-thumbnail","7":"category-featured","8":"category-historija","9":"category-kultura","10":"category-magazin"},"acf":[],"_links":{"self":[{"href":"https:\/\/tvsensor.com\/api\/wp\/v2\/posts\/23276","targetHints":{"allow":["GET"]}}],"collection":[{"href":"https:\/\/tvsensor.com\/api\/wp\/v2\/posts"}],"about":[{"href":"https:\/\/tvsensor.com\/api\/wp\/v2\/types\/post"}],"author":[{"embeddable":true,"href":"https:\/\/tvsensor.com\/api\/wp\/v2\/users\/59"}],"replies":[{"embeddable":true,"href":"https:\/\/tvsensor.com\/api\/wp\/v2\/comments?post=23276"}],"version-history":[{"count":1,"href":"https:\/\/tvsensor.com\/api\/wp\/v2\/posts\/23276\/revisions"}],"predecessor-version":[{"id":23278,"href":"https:\/\/tvsensor.com\/api\/wp\/v2\/posts\/23276\/revisions\/23278"}],"wp:featuredmedia":[{"embeddable":true,"href":"https:\/\/tvsensor.com\/api\/wp\/v2\/media\/23277"}],"wp:attachment":[{"href":"https:\/\/tvsensor.com\/api\/wp\/v2\/media?parent=23276"}],"wp:term":[{"taxonomy":"category","embeddable":true,"href":"https:\/\/tvsensor.com\/api\/wp\/v2\/categories?post=23276"},{"taxonomy":"post_tag","embeddable":true,"href":"https:\/\/tvsensor.com\/api\/wp\/v2\/tags?post=23276"}],"curies":[{"name":"wp","href":"https:\/\/api.w.org\/{rel}","templated":true}]}}