{"id":23259,"date":"2021-01-31T11:23:29","date_gmt":"2021-01-31T10:23:29","guid":{"rendered":"https:\/\/senzor.ba\/?p=23259"},"modified":"2024-01-15T21:40:36","modified_gmt":"2024-01-15T20:40:36","slug":"ima-kalendar-u-glavi-trebinjcu-kazete-datum-a-on-odmah-odgovori-koji-je-to-bio-dan-u-sedmici","status":"publish","type":"post","link":"https:\/\/tvsensor.com\/clanak\/ima-kalendar-u-glavi-trebinjcu-kazete-datum-a-on-odmah-odgovori-koji-je-to-bio-dan-u-sedmici\/","title":{"rendered":"Ima kalendar u glavi: Trebinjcu ka\u017eete datum, a on odmah odgovori koji je to bio dan u sedmici"},"content":{"rendered":"\n<p><strong>Trebinjac Du\u0161an D\u017eod\u017eo u gradu na Trebi\u0161njici poznat je po potpuno neobi\u010dnoj sposobnosti da za veoma kratko vrijeme na odre\u0111eni datum ka\u017ee o kojem se danu u sedmici radi. Osim toga, lako pamti i registarske oznake na vozilima, datume ro\u0111enja i telefonske brojeve.<\/strong><\/p>\n\n\n\n<p>&#8211; Koji god da mi datum postavite, bilo da je iz pro\u0161losti ili budu\u0107nosti, nakon malo vremena ta\u010dno \u0107u re\u0107i koji je to bio ili \u0107e biti dan. Mnogi su poku\u0161avali zbuniti me, pitaju\u0107i za datume u prestupnim godinama, me\u0111utim nikad nisam pogrije\u0161io. Imam viziju dana u sedmici, a zatim i godina i mjeseci. Ne mo\u017ee mi ni\u0161ta proma\u0107i. \u010covjek se treba fokusirati i sve do\u0111e na svoje &#8211; isti\u010de D\u017eod\u017eo.<\/p>\n\n\n\n<p>Da posjeduje vje\u0161tinu koja ga \u010dini poznatim u Trebinju ovaj gospodin spoznao je davno, jo\u0161 u srednjo\u0161kolskim danima.<\/p>\n\n\n\n<p>&#8211; Prije toga uvi\u0111ao sam da imam odre\u0111ene slike u glavi ili bolje re\u0107i da imam \u017eicu za to, da bih kasnije sve usavr\u0161io. Kolege su postavljale pitanja, a ja sam shvatao da to mogu lako i brzo ra\u010dunati. Nisam imao konkurenta za vje\u0161tinu u gradu. U to vrijeme nije bilo mobilnih telefona. Danas ve\u0107ina ljudi ovdje zna za moju sposobnost &#8211; dodaje D\u017eod\u017eo.<\/p>\n\n\n\n<p>Ka\u017ee i da brojeve telefona, datume i brojeve registarskih oznaka pamti &#8220;usput&#8221;, bez da se trudi da ih zapamti. To, navodi, nije \u017eelio ni usavr\u0161avati, kao dane u sedmici i datume.<\/p>\n\n\n\n<figure class=\"wp-block-image\"><img decoding=\"async\" src=\"https:\/\/faktor.ba\/dataNews\/e48d9df4df5fe2b8da58352d4bfb51cb.jpg\" alt=\"\"\/><\/figure>\n\n\n\n<p>&#8211; Zaposlen sam u vodovodu i do dolaska kompjutera, rade\u0107i u magacinu mnoge \u0161ifre materijala sam znao napamet ili imao u glavi. Nisam morao kao drugi tra\u017eiti indekse za materijale. Sugra\u0111ani su zadivljeni. U firmi u kojoj radim ovome se odavno vi\u0161e i ne dive. To je za kolege svakodnevnica, kao djeca koja se igraju na ulici. U po\u010detku su se okupljali i testirali me. U Beogradu su mi govorili da sam morao i\u0107i dalje. Pitali su i jesam li nagra\u0111en za ovo, pa kada sam rekao da nisam, konstatovali su da je to sramota. Kada bi se ova vje\u0161tina negdje i od nekoga iskoristila, vjerujem da bi me svaki gra\u0111anin vi\u0161e cijenio. Neki vole kazati da sam trebao raditi u CIPS-u. Mnogi su u po\u010detku pitali kako mi je i\u0161ao ra\u010dun u \u0161koli, ali sam znaju\u0107i na \u0161ta aludiraju, odgovarao da moj dar nema veze sa matematikom. Nije to formula koja se u\u010di za dan, sedmicu ili mjesec &#8211; ka\u017ee na kraju Trebinjac sa neobi\u010dnom vje\u0161tinom.<\/p>\n\n\n\n<p>D\u017eod\u017eo je ina\u010de davno zavr\u0161io ekonomsku \u0161kolu u Trebinju, gradu u kojem \u017eivi i radi. Do penzije su mu, ka\u017ee, ostale jo\u0161 \u010detiri godine.<\/p>\n\n\n\n<p>Anadolija<\/p>\n","protected":false},"excerpt":{"rendered":"<p>Trebinjac Du\u0161an D\u017eod\u017eo u gradu na Trebi\u0161njici poznat je po potpuno neobi\u010dnoj sposobnosti da za veoma kratko vrijeme na odre\u0111eni datum ka\u017ee o kojem se danu u sedmici radi. Osim toga, lako pamti i registarske oznake na vozilima, datume ro\u0111enja i telefonske brojeve. &#8211; Koji god da mi datum postavite, bilo da je iz pro\u0161losti [&hellip;]<\/p>\n","protected":false},"author":7,"featured_media":23260,"comment_status":"closed","ping_status":"closed","sticky":false,"template":"","format":"standard","meta":{"inline_featured_image":false,"footnotes":""},"categories":[37,38],"tags":[],"class_list":{"0":"post-23259","1":"post","2":"type-post","3":"status-publish","4":"format-standard","5":"has-post-thumbnail","7":"category-vijesti","8":"category-vijesti-iz-bih"},"acf":[],"_links":{"self":[{"href":"https:\/\/tvsensor.com\/api\/wp\/v2\/posts\/23259","targetHints":{"allow":["GET"]}}],"collection":[{"href":"https:\/\/tvsensor.com\/api\/wp\/v2\/posts"}],"about":[{"href":"https:\/\/tvsensor.com\/api\/wp\/v2\/types\/post"}],"author":[{"embeddable":true,"href":"https:\/\/tvsensor.com\/api\/wp\/v2\/users\/7"}],"replies":[{"embeddable":true,"href":"https:\/\/tvsensor.com\/api\/wp\/v2\/comments?post=23259"}],"version-history":[{"count":2,"href":"https:\/\/tvsensor.com\/api\/wp\/v2\/posts\/23259\/revisions"}],"predecessor-version":[{"id":23262,"href":"https:\/\/tvsensor.com\/api\/wp\/v2\/posts\/23259\/revisions\/23262"}],"wp:featuredmedia":[{"embeddable":true,"href":"https:\/\/tvsensor.com\/api\/wp\/v2\/media\/23260"}],"wp:attachment":[{"href":"https:\/\/tvsensor.com\/api\/wp\/v2\/media?parent=23259"}],"wp:term":[{"taxonomy":"category","embeddable":true,"href":"https:\/\/tvsensor.com\/api\/wp\/v2\/categories?post=23259"},{"taxonomy":"post_tag","embeddable":true,"href":"https:\/\/tvsensor.com\/api\/wp\/v2\/tags?post=23259"}],"curies":[{"name":"wp","href":"https:\/\/api.w.org\/{rel}","templated":true}]}}