{"id":23249,"date":"2021-01-30T17:05:48","date_gmt":"2021-01-30T16:05:48","guid":{"rendered":"https:\/\/senzor.ba\/?p=23249"},"modified":"2024-01-15T21:40:37","modified_gmt":"2024-01-15T20:40:37","slug":"iran-uvodi-obaveznu-samoizolaciju-putnika-iz-evrope","status":"publish","type":"post","link":"https:\/\/tvsensor.com\/clanak\/iran-uvodi-obaveznu-samoizolaciju-putnika-iz-evrope\/","title":{"rendered":"Iran uvodi obaveznu samoizolaciju putnika iz Evrope"},"content":{"rendered":"\n<p>TEHERAN, 30. januara (FENA) &#8211; Putnici koji sti\u017eu u Iran iz Evrope morat \u0107e se podvrgnuti dvosedmi\u010dnoj&nbsp;izolaciji nakon negativnog testa po dolasku, rekao je u subotu iranski zdravstveni zvani\u010dnik.<\/p>\n\n\n\n<p>Putnici iz drugih regija, uklju\u010duju\u0107i susjedne zemlje, morat \u0107e&nbsp;imati negativni PCR test prije dolaska u zemlju, rekao je na dr\u017eavnoj televiziji Alireza Raisi, glasnogovornik nacionalne radne grupe za koronavirus.<\/p>\n\n\n\n<p>Raisi je rekao da putnici koji dolaze iz Evrope s negativnim rezultatima testa, bit \u0107e ponovno testirani i morat \u0107e se samoizolovati \u010dak i ako je njihov test negativan, izvijestili su dr\u017eavni mediji.<\/p>\n\n\n\n<p>Ranije s uputnici koji su dolazili iz Evrope morali imati samo negativni PCR test.<\/p>\n\n\n\n<p>Nije rekao kada \u0107e ta\u010dno nove mjere stupiti na snagu, rekav\u0161i samo da \u0107e se po\u010deti primjenjivati &#8220;od ovog trenutka&#8221;.<\/p>\n\n\n\n<p>U me\u0111uvremenu, zdravstveni zvani\u010dnici rekli su da je iranska vakcina Barekat&nbsp;efikasna protiv vrlo zarazne varijante koronavirusa koja se pojavila u Britaniji, prenosi Reuters.<\/p>\n","protected":false},"excerpt":{"rendered":"<p>TEHERAN, 30. januara (FENA) &#8211; Putnici koji sti\u017eu u Iran iz Evrope morat \u0107e se podvrgnuti dvosedmi\u010dnoj&nbsp;izolaciji nakon negativnog testa po dolasku, rekao je u subotu iranski zdravstveni zvani\u010dnik. Putnici iz drugih regija, uklju\u010duju\u0107i susjedne zemlje, morat \u0107e&nbsp;imati negativni PCR test prije dolaska u zemlju, rekao je na dr\u017eavnoj televiziji Alireza Raisi, glasnogovornik nacionalne radne [&hellip;]<\/p>\n","protected":false},"author":59,"featured_media":23250,"comment_status":"closed","ping_status":"closed","sticky":false,"template":"","format":"standard","meta":{"inline_featured_image":false,"footnotes":""},"categories":[376,41,37],"tags":[],"class_list":{"0":"post-23249","1":"post","2":"type-post","3":"status-publish","4":"format-standard","5":"has-post-thumbnail","7":"category-featured","8":"category-svijet","9":"category-vijesti"},"acf":[],"_links":{"self":[{"href":"https:\/\/tvsensor.com\/api\/wp\/v2\/posts\/23249","targetHints":{"allow":["GET"]}}],"collection":[{"href":"https:\/\/tvsensor.com\/api\/wp\/v2\/posts"}],"about":[{"href":"https:\/\/tvsensor.com\/api\/wp\/v2\/types\/post"}],"author":[{"embeddable":true,"href":"https:\/\/tvsensor.com\/api\/wp\/v2\/users\/59"}],"replies":[{"embeddable":true,"href":"https:\/\/tvsensor.com\/api\/wp\/v2\/comments?post=23249"}],"version-history":[{"count":1,"href":"https:\/\/tvsensor.com\/api\/wp\/v2\/posts\/23249\/revisions"}],"predecessor-version":[{"id":23251,"href":"https:\/\/tvsensor.com\/api\/wp\/v2\/posts\/23249\/revisions\/23251"}],"wp:featuredmedia":[{"embeddable":true,"href":"https:\/\/tvsensor.com\/api\/wp\/v2\/media\/23250"}],"wp:attachment":[{"href":"https:\/\/tvsensor.com\/api\/wp\/v2\/media?parent=23249"}],"wp:term":[{"taxonomy":"category","embeddable":true,"href":"https:\/\/tvsensor.com\/api\/wp\/v2\/categories?post=23249"},{"taxonomy":"post_tag","embeddable":true,"href":"https:\/\/tvsensor.com\/api\/wp\/v2\/tags?post=23249"}],"curies":[{"name":"wp","href":"https:\/\/api.w.org\/{rel}","templated":true}]}}