{"id":23218,"date":"2021-01-29T20:23:13","date_gmt":"2021-01-29T19:23:13","guid":{"rendered":"https:\/\/senzor.ba\/?p=23218"},"modified":"2024-01-15T21:40:37","modified_gmt":"2024-01-15T20:40:37","slug":"pocelo-emitiranje-programa-domaceg-tv-kanala-historija-tv","status":"publish","type":"post","link":"https:\/\/tvsensor.com\/clanak\/pocelo-emitiranje-programa-domaceg-tv-kanala-historija-tv\/","title":{"rendered":"Po\u010delo emitiranje programa doma\u0107eg tv kanala &#8220;Historija TV&#8221;"},"content":{"rendered":"\n<p>U okviru platfome &#8220;Moja TV&#8221; BH Telecoma po\u010delo je emitiranje programa doma\u0107eg tv kanala &#8220;Historija TV&#8221;.<br>&#8220;Historija TV&#8221; se posebno bazira na periodu od sticanja nezavisnosti Bosne i Hercegovine, s posebnim aspektom na posljednju agresiju na BiH, zlo\u010dine, presude Ha\u0161kog tribunala, a sve s ciljem da istina o stradanju i odbrani bude nezaboravno svjedo\u010danstvo i opomena, ali i na ponos budu\u0107im generacijama ove zemlje.<\/p>\n\n\n\n<p><br>&#8220;Historija TV&#8221; je prvi TV kanal koji se u cijelosti bavi historijom Bosne i Hercegovine, najzna\u010dajnijim historijskim doga\u0111ajima i de\u0161avanjima, bilje\u017ei svaki zna\u010dajan datum iz historije, od prvog spominjanja Bosne do perioda obnove njene dr\u017eavnosti i odbrane u posljednjoj agresiji na BiH.<\/p>\n\n\n\n<p><br>U prvoj godini rada ova &#8220;Historija TV&#8221; \u0107e skupljati video gra\u0111u i arhivske materijale te ih emitirati u za to prilago\u0111enim tv rubrikama poput Kamera pamti, Dokument vremena, Minute historije, Na dana\u0161nji dan\u2026<\/p>\n\n\n\n<p><br>U okviru projekta pokre\u0107e se veliki serijal &#8220;Svjedoci vremena&#8221; gdje \u0107e se u du\u017eim video razgovorima sa\u010duvati svjedo\u010denja direktnih aktera odbrane BiH iz vojnog, politi\u010dkog i vjerskog \u017eivota, brojnih javnih li\u010dnosti i gra\u0111ana.<\/p>\n\n\n\n<p><br>Pored svjedo\u010denja \u017eivih aktera najte\u017eeg vremena odbrane BiH, \u010duvamo sje\u0107anje i na one koji ve\u0107 odavno nisu me\u0111u \u017eivima. Projekat &#8220;TV Historija&#8221; je ve\u0107 dobio podr\u0161ku brojnih bh. intelektualaca i histori\u010dara koji su dali i savjete te doprinos, a neki \u0107e biti i aktivni saradnici.<\/p>\n\n\n\n<p><br>Vi\u0161e informacija mo\u017eete prona\u0107i na www.historija.tv.<br>Faktor<\/p>\n","protected":false},"excerpt":{"rendered":"<p>U okviru platfome &#8220;Moja TV&#8221; BH Telecoma po\u010delo je emitiranje programa doma\u0107eg tv kanala &#8220;Historija TV&#8221;.&#8220;Historija TV&#8221; se posebno bazira na periodu od sticanja nezavisnosti Bosne i Hercegovine, s posebnim aspektom na posljednju agresiju na BiH, zlo\u010dine, presude Ha\u0161kog tribunala, a sve s ciljem da istina o stradanju i odbrani bude nezaboravno svjedo\u010danstvo i opomena, [&hellip;]<\/p>\n","protected":false},"author":7,"featured_media":23219,"comment_status":"closed","ping_status":"closed","sticky":false,"template":"","format":"standard","meta":{"inline_featured_image":false,"footnotes":""},"categories":[37,38],"tags":[],"class_list":{"0":"post-23218","1":"post","2":"type-post","3":"status-publish","4":"format-standard","5":"has-post-thumbnail","7":"category-vijesti","8":"category-vijesti-iz-bih"},"acf":[],"_links":{"self":[{"href":"https:\/\/tvsensor.com\/api\/wp\/v2\/posts\/23218","targetHints":{"allow":["GET"]}}],"collection":[{"href":"https:\/\/tvsensor.com\/api\/wp\/v2\/posts"}],"about":[{"href":"https:\/\/tvsensor.com\/api\/wp\/v2\/types\/post"}],"author":[{"embeddable":true,"href":"https:\/\/tvsensor.com\/api\/wp\/v2\/users\/7"}],"replies":[{"embeddable":true,"href":"https:\/\/tvsensor.com\/api\/wp\/v2\/comments?post=23218"}],"version-history":[{"count":1,"href":"https:\/\/tvsensor.com\/api\/wp\/v2\/posts\/23218\/revisions"}],"predecessor-version":[{"id":23220,"href":"https:\/\/tvsensor.com\/api\/wp\/v2\/posts\/23218\/revisions\/23220"}],"wp:featuredmedia":[{"embeddable":true,"href":"https:\/\/tvsensor.com\/api\/wp\/v2\/media\/23219"}],"wp:attachment":[{"href":"https:\/\/tvsensor.com\/api\/wp\/v2\/media?parent=23218"}],"wp:term":[{"taxonomy":"category","embeddable":true,"href":"https:\/\/tvsensor.com\/api\/wp\/v2\/categories?post=23218"},{"taxonomy":"post_tag","embeddable":true,"href":"https:\/\/tvsensor.com\/api\/wp\/v2\/tags?post=23218"}],"curies":[{"name":"wp","href":"https:\/\/api.w.org\/{rel}","templated":true}]}}