{"id":23214,"date":"2021-01-29T18:03:57","date_gmt":"2021-01-29T17:03:57","guid":{"rendered":"https:\/\/senzor.ba\/?p=23214"},"modified":"2024-01-15T21:40:38","modified_gmt":"2024-01-15T20:40:38","slug":"specijalni-predstavnik-vijeca-evrope-drahoslav-stefanek-situacija-s-migrantima-sada-je-mnogo-bolja","status":"publish","type":"post","link":"https:\/\/tvsensor.com\/clanak\/specijalni-predstavnik-vijeca-evrope-drahoslav-stefanek-situacija-s-migrantima-sada-je-mnogo-bolja\/","title":{"rendered":"Specijalni predstavnik Vije\u0107a Evrope Drahoslav \u0160tef\u00e1nek: Situacija s migrantima sada je mnogo bolja"},"content":{"rendered":"\n<p><strong>Specijalni predstavnik generalnog sekretara Vije\u0107a Evrope za migracije i izbjeglice Drahoslav \u0160tef\u00e1nek izjavio je danas u intervjuu za Fenu da kamp Bira kao mogu\u0107e rje\u0161enje za smje\u0161taj migranata vi\u0161e nije opcija.<\/strong><\/p>\n\n\n\n<p>Na kraju svoje posjete BiH koju je po\u010deo 24. januara, \u0160tef\u00e1nek je podsjetio da me\u0111unarodna zajednica nekad ponudi podr\u0161ku u novcu i osoblju, ali se de\u0161ava da ne bude postignut sporazum izme\u0111u BiH i Agencije za evropsku grani\u010dnu i obalnu stra\u017eu (FRONTEX) koja bi bila spremna poslati dodatno osoblje.<\/p>\n\n\n\n<p>&#8211; \u010cini mi se da je Bosna i Hercegovina najslabija karika &#8211; poru\u010dio je \u0160tef\u00e1nek.<\/p>\n\n\n\n<p>Dodao je da je paradoksalno da migranti u BiH dolaze iz Evropske unije, bilo iz Gr\u010dke ili Bugarske, i onda ponovo poku\u0161avaju u\u0107i u EU.<\/p>\n\n\n\n<p>\u0160tef\u00e1nek smatra da su neki od njih \u017ertve trgovine ljudima i nemaju informacije da npr. Hrvatska nije u \u0160engenu i da bi te\u0161ko mogli dalje.<\/p>\n\n\n\n<p>&#8211; BiH bi trebala poja\u010dati sigurnost granica &#8211; naglasio je \u0160tef\u00e1nek.<\/p>\n\n\n\n<p>Naveo je da je situacija u vezi s migrantskom krizom u BiH bolja nego \u0161to je o\u010dekivao, pogotovo u Unsko-sanskom kantonu i kampu Lipa gdje se pla\u0161io da \u0107e zate\u0107i humanitarnu katastrofu.<\/p>\n\n\n\n<p>&#8211; Ono \u0161to sam vidio nije bilo ugodno ali nije bila humanitarna kriza. Mogu\u0107e je da je i najava moje posjete doprinijela da neke stvari urade br\u017ee i nadam se da je ova posjeta imala neki rezultat. Sada je situacija mnogo bolja nego \u0161to sam mogao zaklju\u010diti iz izvje\u0161taja koje sam vidio prije dolaska &#8211; potcrtao je \u0160tef\u00e1nek.<\/p>\n\n\n\n<p>Poru\u010dio je da bi u budu\u0107nosti volio vidjeti vi\u0161e anga\u017emana lokalnih vlasti, ali da razumije i dobro poznaje situaciju u BiH jo\u0161 iz vremena kad je bio \u0161ef Ureda Vije\u0107a Evrope u BiH.<\/p>\n\n\n\n<p>&#8211; Zahvalan sam IOM-u, Crvenom krstu, UNHCR-u i drugim me\u0111unarodnim organizacijama koje rade odli\u010dan posao, iako to nije jednostavno. Trebalo bi ostvarivati vi\u0161e kontakata s lokalnom zajednicom jer treba uva\u017eavati njihove zahtjeve i \u017ealbe &#8211; kazao je \u0160tef\u00e1nek.<\/p>\n\n\n\n<p>Pojasnio je da bez sredstava EU ne bi bilo mogu\u0107e uspostavljanje kampova za migrante, ali da je potrebna bolja koordinacija i saradnja na terenu izme\u0111u razli\u010ditih nivoa vlasti u BiH.<\/p>\n\n\n\n<p>Fena<\/p>\n","protected":false},"excerpt":{"rendered":"<p>Specijalni predstavnik generalnog sekretara Vije\u0107a Evrope za migracije i izbjeglice Drahoslav \u0160tef\u00e1nek izjavio je danas u intervjuu za Fenu da kamp Bira kao mogu\u0107e rje\u0161enje za smje\u0161taj migranata vi\u0161e nije opcija. Na kraju svoje posjete BiH koju je po\u010deo 24. januara, \u0160tef\u00e1nek je podsjetio da me\u0111unarodna zajednica nekad ponudi podr\u0161ku u novcu i osoblju, ali [&hellip;]<\/p>\n","protected":false},"author":7,"featured_media":23215,"comment_status":"closed","ping_status":"closed","sticky":false,"template":"","format":"standard","meta":{"inline_featured_image":false,"footnotes":""},"categories":[37,38],"tags":[],"class_list":{"0":"post-23214","1":"post","2":"type-post","3":"status-publish","4":"format-standard","5":"has-post-thumbnail","7":"category-vijesti","8":"category-vijesti-iz-bih"},"acf":[],"_links":{"self":[{"href":"https:\/\/tvsensor.com\/api\/wp\/v2\/posts\/23214","targetHints":{"allow":["GET"]}}],"collection":[{"href":"https:\/\/tvsensor.com\/api\/wp\/v2\/posts"}],"about":[{"href":"https:\/\/tvsensor.com\/api\/wp\/v2\/types\/post"}],"author":[{"embeddable":true,"href":"https:\/\/tvsensor.com\/api\/wp\/v2\/users\/7"}],"replies":[{"embeddable":true,"href":"https:\/\/tvsensor.com\/api\/wp\/v2\/comments?post=23214"}],"version-history":[{"count":1,"href":"https:\/\/tvsensor.com\/api\/wp\/v2\/posts\/23214\/revisions"}],"predecessor-version":[{"id":23216,"href":"https:\/\/tvsensor.com\/api\/wp\/v2\/posts\/23214\/revisions\/23216"}],"wp:featuredmedia":[{"embeddable":true,"href":"https:\/\/tvsensor.com\/api\/wp\/v2\/media\/23215"}],"wp:attachment":[{"href":"https:\/\/tvsensor.com\/api\/wp\/v2\/media?parent=23214"}],"wp:term":[{"taxonomy":"category","embeddable":true,"href":"https:\/\/tvsensor.com\/api\/wp\/v2\/categories?post=23214"},{"taxonomy":"post_tag","embeddable":true,"href":"https:\/\/tvsensor.com\/api\/wp\/v2\/tags?post=23214"}],"curies":[{"name":"wp","href":"https:\/\/api.w.org\/{rel}","templated":true}]}}