{"id":23211,"date":"2021-01-29T17:59:04","date_gmt":"2021-01-29T16:59:04","guid":{"rendered":"https:\/\/senzor.ba\/?p=23211"},"modified":"2024-01-15T21:40:38","modified_gmt":"2024-01-15T20:40:38","slug":"clanovi-predsjednistva-bih-primili-ministra-vanjskih-poslova-grcke","status":"publish","type":"post","link":"https:\/\/tvsensor.com\/clanak\/clanovi-predsjednistva-bih-primili-ministra-vanjskih-poslova-grcke\/","title":{"rendered":"\u010clanovi Predsjedni\u0161tva BiH primili ministra vanjskih poslova Gr\u010dke"},"content":{"rendered":"\n<p><strong>Predsjedavaju\u0107i Predsjedni\u0161tva BiH Milorad Dodik i \u010dlanovi Predsjedni\u0161tva BiH \u017deljko Kom\u0161i\u0107 i \u0160efik D\u017eaferovi\u0107 primili su ministra vanjskih poslova Republike Gr\u010dke Nikosa Dendiasa.<\/strong><\/p>\n\n\n\n<p>\u010clanovi Predsjedni\u0161tva BiH su ministru vanjskih poslova Republike Gr\u010dke i \u010dlanovima gr\u010dke delegacije po\u017eeljeli dobrodo\u0161licu, te izrazili \u017eelju za ja\u010danjem me\u0111usobnih veza u oblastima od zajedni\u010dkog interesa. Sagovornici su se slo\u017eili da su bilateralni odnosi dvije zemlje dobri, bez otvorenih pitanja, sa zna\u010dajnim prostorom za dalji i ja\u010di razvoj odnosa, naro\u010dito na na ekonomskom planu.<\/p>\n\n\n\n<p>\u010clanovi Predsjedni\u0161tva BiH su naglasili da BiH ima interes da nastavi sa unapre\u0111enjem bilateralnih, politi\u010dkih i svih drugih odnosa sa Republikom Gr\u010dkom, te zahvalili na svakom obliku pomo\u0107i kojim je Republika Gr\u010dka do sada pomogla BiH. Tako\u0111er su izrazili zahvalnost Gr\u010dkoj na kontinuiranoj podr\u0161ci Bosni i Hercegovini na njenom putu ka EU, te izrazili o\u010dekivanje da \u0107e se ta podr\u0161ka nastaviti i ubudu\u0107e. Ponovno su naglasili odlu\u010dnu opredijeljenost BiH prema \u010dlanstvu u EU i provedbi reformi u procesu evropskih integracija.<\/p>\n\n\n\n<p>Na sastanku je razgovarano i o ilegalnim migracijama na na\u0161im prostorima koji postaju ozbiljan sigurnosni i humanitarni problem. Bosna i Hercegovina smatra da je za rje\u0161avanje ovoga problema najbolji jedinstven EU pristup, te izrazili potrebu za pomo\u0107i kako bi se BiH adekvatno suo\u010dila sa velikim i poja\u010danim migracijskim pritiskom.<\/p>\n\n\n\n<p>Razgovarano je o na\u010dinima borbe protiv \u0161irenja pandemije COVID-19 i potrebi osiguranja dovoljnog broja vakcina i za zemlje koje nisu \u010dlanice Evropske unije.<\/p>\n\n\n\n<p>Ministar vanjskih poslova Republike Gr\u010dke Nikos Dendias je iskazao zadovoljstvo posjetom Bosni i Hercegovini i izrazio spremnost Gr\u010dke da nastavi unapre\u0111ivati bilateralne odnose sa na\u0161om zemljom. Kazao je da posjete dr\u017eavnih i privrednih delegacija trebaju biti intenzivirane u narednom razdoblju. Gr\u010dka sna\u017eno zagovara evropsku perspektivu zemalja Zapadnog Balkana i dalje \u0107e ukazivati na va\u017enost EU pro\u0161irenja, naglasio je ministar Dendias.<\/p>\n\n\n\n<p>U kontekstu solidarnosti u borbi protiv pandemije COVID-19 ministar Dendias je kazao da \u0107e Gr\u010dka dati finansijsku pomo\u0107 trima bolnicama u BiH i to po 50.000 eura za sarajevsku Op\u0107u bolnicu &#8220;Prim dr. Abdulah Naka\u0161&#8221; i Univerzitetski klini\u010dki centar RS-a, te 30.000 eura za Univerzitetski klini\u010dni centar u Mostaru, saop\u0107eno je iz Predsjedni\u0161tva BiH.<\/p>\n\n\n\n<p>Faktor <\/p>\n","protected":false},"excerpt":{"rendered":"<p>Predsjedavaju\u0107i Predsjedni\u0161tva BiH Milorad Dodik i \u010dlanovi Predsjedni\u0161tva BiH \u017deljko Kom\u0161i\u0107 i \u0160efik D\u017eaferovi\u0107 primili su ministra vanjskih poslova Republike Gr\u010dke Nikosa Dendiasa. \u010clanovi Predsjedni\u0161tva BiH su ministru vanjskih poslova Republike Gr\u010dke i \u010dlanovima gr\u010dke delegacije po\u017eeljeli dobrodo\u0161licu, te izrazili \u017eelju za ja\u010danjem me\u0111usobnih veza u oblastima od zajedni\u010dkog interesa. Sagovornici su se slo\u017eili da [&hellip;]<\/p>\n","protected":false},"author":7,"featured_media":23212,"comment_status":"closed","ping_status":"closed","sticky":false,"template":"","format":"standard","meta":{"inline_featured_image":false,"footnotes":""},"categories":[234,37,38],"tags":[],"class_list":{"0":"post-23211","1":"post","2":"type-post","3":"status-publish","4":"format-standard","5":"has-post-thumbnail","7":"category-politika","8":"category-vijesti","9":"category-vijesti-iz-bih"},"acf":[],"_links":{"self":[{"href":"https:\/\/tvsensor.com\/api\/wp\/v2\/posts\/23211","targetHints":{"allow":["GET"]}}],"collection":[{"href":"https:\/\/tvsensor.com\/api\/wp\/v2\/posts"}],"about":[{"href":"https:\/\/tvsensor.com\/api\/wp\/v2\/types\/post"}],"author":[{"embeddable":true,"href":"https:\/\/tvsensor.com\/api\/wp\/v2\/users\/7"}],"replies":[{"embeddable":true,"href":"https:\/\/tvsensor.com\/api\/wp\/v2\/comments?post=23211"}],"version-history":[{"count":1,"href":"https:\/\/tvsensor.com\/api\/wp\/v2\/posts\/23211\/revisions"}],"predecessor-version":[{"id":23213,"href":"https:\/\/tvsensor.com\/api\/wp\/v2\/posts\/23211\/revisions\/23213"}],"wp:featuredmedia":[{"embeddable":true,"href":"https:\/\/tvsensor.com\/api\/wp\/v2\/media\/23212"}],"wp:attachment":[{"href":"https:\/\/tvsensor.com\/api\/wp\/v2\/media?parent=23211"}],"wp:term":[{"taxonomy":"category","embeddable":true,"href":"https:\/\/tvsensor.com\/api\/wp\/v2\/categories?post=23211"},{"taxonomy":"post_tag","embeddable":true,"href":"https:\/\/tvsensor.com\/api\/wp\/v2\/tags?post=23211"}],"curies":[{"name":"wp","href":"https:\/\/api.w.org\/{rel}","templated":true}]}}