{"id":23197,"date":"2021-01-29T15:16:58","date_gmt":"2021-01-29T14:16:58","guid":{"rendered":"https:\/\/senzor.ba\/?p=23197"},"modified":"2024-01-15T21:40:38","modified_gmt":"2024-01-15T20:40:38","slug":"preminuo-izvrsni-direktor-za-finansije-autocesta-fbih-ivica-curic","status":"publish","type":"post","link":"https:\/\/tvsensor.com\/clanak\/preminuo-izvrsni-direktor-za-finansije-autocesta-fbih-ivica-curic\/","title":{"rendered":"Preminuo izvr\u0161ni direktor za finansije Autocesta FBiH Ivica \u0106uri\u0107"},"content":{"rendered":"\n<p><strong>Izvr\u0161ni direktor za finansije Javnog preduze\u0107a Autoceste Federacije Bosne i Hercegovine, \u017dep\u010dak Ivica \u0106uri\u0107 (ro\u0111en 1962. godine), preminuo je danas u Kantonalnoj bolnici u Zenici &#8211; potvrdio je Feni predsjednik Kantonalnog odbora HDZ-a Zeni\u010dko-dobojskog kantona Ivo Tadi\u0107.<\/strong><\/p>\n\n\n\n<p>&#8211; Prije oko dva sata preminuo je moj prijatelj Ivica \u0106uri\u0107. Zadnjih desetak dana bio je hospitalizovan u KBZ-u. Bilo je razgovora da bude preba\u010den i u Sarajevo, ali je uz konsultaciju s ljekarima i njegovu saglasnost, jer se tada jo\u0161 moglo s njim komunicirati, ipak odlu\u010deno da ostane u bolnici u Zenici &#8211; ka\u017ee Tadi\u0107, koji obna\u0161a i funkciju zamjenika predsjedavaju\u0107eg Skup\u0161tine ZDK te predsjednika Kluba Hrvata u Domu naroda Parlamenta Federacije BiH.<\/p>\n\n\n\n<p>Isti\u010de kako su \u0106uri\u0107u nakon hospitalizacije u KBZ-u ustanovljena velika o\u0161te\u0107enja na plu\u0107ima.<\/p>\n\n\n\n<p>&#8211; Nije ni znao da je imao koronu, jer mu je PCR test bio negativan, ali je snimak pokazao da su mu plu\u0107a u jako lo\u0161em stanju &#8211; navodi Tadi\u0107.<\/p>\n\n\n\n<p>Ivica \u0106uri\u0107 je bio predsjednik KO HDZ-a ZDK u periodu 2011.-2015., a 2012.-2014. bio je ministar rada i socijalne politike ZDK. Kao ugledni privrednik, bio je i predsjednik Nogometnog kluba \u017dep\u010de, u periodu kada se taj tim takmi\u010dio u Premijer ligi BiH.<\/p>\n\n\n\n<p>Fena<\/p>\n","protected":false},"excerpt":{"rendered":"<p>Izvr\u0161ni direktor za finansije Javnog preduze\u0107a Autoceste Federacije Bosne i Hercegovine, \u017dep\u010dak Ivica \u0106uri\u0107 (ro\u0111en 1962. godine), preminuo je danas u Kantonalnoj bolnici u Zenici &#8211; potvrdio je Feni predsjednik Kantonalnog odbora HDZ-a Zeni\u010dko-dobojskog kantona Ivo Tadi\u0107. &#8211; Prije oko dva sata preminuo je moj prijatelj Ivica \u0106uri\u0107. Zadnjih desetak dana bio je hospitalizovan u [&hellip;]<\/p>\n","protected":false},"author":7,"featured_media":23198,"comment_status":"closed","ping_status":"closed","sticky":false,"template":"","format":"standard","meta":{"inline_featured_image":false,"footnotes":""},"categories":[376,37,38],"tags":[],"class_list":{"0":"post-23197","1":"post","2":"type-post","3":"status-publish","4":"format-standard","5":"has-post-thumbnail","7":"category-featured","8":"category-vijesti","9":"category-vijesti-iz-bih"},"acf":[],"_links":{"self":[{"href":"https:\/\/tvsensor.com\/api\/wp\/v2\/posts\/23197","targetHints":{"allow":["GET"]}}],"collection":[{"href":"https:\/\/tvsensor.com\/api\/wp\/v2\/posts"}],"about":[{"href":"https:\/\/tvsensor.com\/api\/wp\/v2\/types\/post"}],"author":[{"embeddable":true,"href":"https:\/\/tvsensor.com\/api\/wp\/v2\/users\/7"}],"replies":[{"embeddable":true,"href":"https:\/\/tvsensor.com\/api\/wp\/v2\/comments?post=23197"}],"version-history":[{"count":2,"href":"https:\/\/tvsensor.com\/api\/wp\/v2\/posts\/23197\/revisions"}],"predecessor-version":[{"id":23206,"href":"https:\/\/tvsensor.com\/api\/wp\/v2\/posts\/23197\/revisions\/23206"}],"wp:featuredmedia":[{"embeddable":true,"href":"https:\/\/tvsensor.com\/api\/wp\/v2\/media\/23198"}],"wp:attachment":[{"href":"https:\/\/tvsensor.com\/api\/wp\/v2\/media?parent=23197"}],"wp:term":[{"taxonomy":"category","embeddable":true,"href":"https:\/\/tvsensor.com\/api\/wp\/v2\/categories?post=23197"},{"taxonomy":"post_tag","embeddable":true,"href":"https:\/\/tvsensor.com\/api\/wp\/v2\/tags?post=23197"}],"curies":[{"name":"wp","href":"https:\/\/api.w.org\/{rel}","templated":true}]}}