{"id":23191,"date":"2021-01-29T13:51:38","date_gmt":"2021-01-29T12:51:38","guid":{"rendered":"https:\/\/senzor.ba\/?p=23191"},"modified":"2024-01-15T21:40:38","modified_gmt":"2024-01-15T20:40:38","slug":"sef-grcke-diplomatije-dendias-osigurali-smo-finansijsku-pomoc-za-tri-bolnice-u-bih","status":"publish","type":"post","link":"https:\/\/tvsensor.com\/clanak\/sef-grcke-diplomatije-dendias-osigurali-smo-finansijsku-pomoc-za-tri-bolnice-u-bih\/","title":{"rendered":"\u0160ef gr\u010dke diplomatije Dendias: Osigurali smo finansijsku pomo\u0107 za tri bolnice u BiH"},"content":{"rendered":"\n<p><strong>Ministar vanjskih poslova Republike Gr\u010dke Nikos Dendias izjavio je danas u Sarajevu da Gr\u010dka podr\u017eava zemlje Zapadnog Balkana na putu ka \u010dlanstvu u Evropskoj uniji te je kazao da je njegova zemlja osigurala finansijsku pomo\u0107 za tri bolnice na teritoriji BiH.<\/strong><\/p>\n\n\n\n<p>Ministrica vanjskih poslova Bosne i Hercegovine Bisera Turkovi\u0107 sastala se danas u Sarajevu sa ministrom vanjskih poslova Republike Gr\u010dke Nikosom Dendiasom. U Ministarstvu vanjskih poslova BiH odr\u017ean je i sastanak delegacija Ministarstva vanjskih poslova Bosne i Hercegovine i Ministarstva vanjskih poslova Republike Gr\u010dke, a \u0161efovi diplomatija dvije zemlje su se obratili i novinarima.<\/p>\n\n\n\n<p>&#8211; Dobro jutro, hvala vam na gostoprimstvu &#8211; rije\u010di su kojima je na bosanskom jeziku obra\u0107anje po\u010deo Dendias koji je dodao kako je po\u010da\u0161\u0107en boravkom u historijskom gradu Sarajevu.<\/p>\n\n\n\n<p>Isti\u010du\u0107i kako Gr\u010dka godinama poma\u017ee u obnovi BiH nakon &#8220;katastrofalnih konflikta&#8221; iz &#8216;90-ih, Dendias je kazao da njegova zemlja pru\u017ea podr\u0161ku BiH i u drugim oblastima.<\/p>\n\n\n\n<p>&#8211; Danas smo o tome razgovarali. Bio je to konstruktivni razgovor o unapre\u0111enju odnosa. Neophodno je raditi na tome, po\u010dev\u0161i od politi\u010dkog dijaloga, kao i u drugim sektorima &#8211; kazao je Dendias.<\/p>\n\n\n\n<p>U okviru svoje prve posjete Sarajevu, a prve bilo kojeg \u0161efa gr\u010dke diplomatije u proteklih pet godina Dendias je kazao da \u0107e imati va\u017ene sastanke i sa \u010dlanovima Vije\u0107a ministara te Predsjedni\u0161tva BiH. On je kazao da je ekonomska saradnja u fokusu dana\u0161njih sastanaka, ali i saradnja u kulturi te je izrazio nadu da \u0107e se, nakon pandemije, nastaviti razmjenu studenata sa Banjom Lukom i Sarajevom.<\/p>\n\n\n\n<p>&#8211; Pandemija je zadesila cijeli svijet. Ovo je globalni problem, ali je ovo test solidarnosti. Podr\u017eavamo BiH i zemlje Zapadnog Balkana i kao Gr\u010dka i kao \u010dlanica Evropske unije &#8211; poru\u010dio je Dendias.<\/p>\n\n\n\n<p>\u0160ef gr\u010dke diplomatije Dendias je kazao da \u0107e ta zemlja dati finansijsku pomo\u0107 trima bolnicama u BiH i to po 50.000 eura za sarajevsku Op\u0107u bolnicu &#8220;Prim dr. Abdulah Naka\u0161&#8221; i Univerzitetski klini\u010dki centar RS-a, te 30.000 za Univerzitetski klini\u010dni centar u Mostaru.<\/p>\n\n\n\n<p>&#8211; Podr\u0161ka Gr\u010dke zemljama Zapadnog Balkana na putu ka EU je i dalje tu. Mi smo to u\u010dinili prije 40 godina i nadamo se da \u0107ete i svi vi &#8211; kazao je Dendias i dodao kako je sve izvjesnije da bi \u010detvrtinu \u010dlanica EU-a mogle \u010diniti balkanske zemlje, a da je to nekada bilo te\u0161ko i pretpostaviti.<\/p>\n\n\n\n<p>Naglasiv\u0161i kako se ne smije dozvoliti da pro\u0161lost uti\u010de na budu\u0107nost, Dendias je kazao da Gr\u010dka nudi i pomo\u0107 u tehni\u010dkoj implementaciji mjera i politika potrebnih za napredak na putu ka \u010dlanstvu u EU. On je pohvalio vlasti BiH za na\u010dinjene iskorake, uklju\u010duju\u0107i i organiziranje lokalnih izbora u Mostaru.<\/p>\n\n\n\n<p>&#8211; Izuzetno je va\u017ean princip dobrosusjedskih odnosa na bazi me\u0111unarodnog prava. Ve\u0107ina zemalja i gaji sre\u0107om iste te principe &#8211; kazao je Dendias i pozvao na nastavak procesa ja\u010danja regionalne saradnje.<\/p>\n\n\n\n<p>On je kolegicu Turkovi\u0107 pozvao da u skorijoj budu\u0107nosti posjeti Atinu i da nastave razgovore o ja\u010danju bilateralnih i regionalnih odnosa.<\/p>\n\n\n\n<p>Anadolija <\/p>\n","protected":false},"excerpt":{"rendered":"<p>Ministar vanjskih poslova Republike Gr\u010dke Nikos Dendias izjavio je danas u Sarajevu da Gr\u010dka podr\u017eava zemlje Zapadnog Balkana na putu ka \u010dlanstvu u Evropskoj uniji te je kazao da je njegova zemlja osigurala finansijsku pomo\u0107 za tri bolnice na teritoriji BiH. Ministrica vanjskih poslova Bosne i Hercegovine Bisera Turkovi\u0107 sastala se danas u Sarajevu sa [&hellip;]<\/p>\n","protected":false},"author":7,"featured_media":23192,"comment_status":"closed","ping_status":"closed","sticky":false,"template":"","format":"standard","meta":{"inline_featured_image":false,"footnotes":""},"categories":[376,37,38],"tags":[],"class_list":{"0":"post-23191","1":"post","2":"type-post","3":"status-publish","4":"format-standard","5":"has-post-thumbnail","7":"category-featured","8":"category-vijesti","9":"category-vijesti-iz-bih"},"acf":[],"_links":{"self":[{"href":"https:\/\/tvsensor.com\/api\/wp\/v2\/posts\/23191","targetHints":{"allow":["GET"]}}],"collection":[{"href":"https:\/\/tvsensor.com\/api\/wp\/v2\/posts"}],"about":[{"href":"https:\/\/tvsensor.com\/api\/wp\/v2\/types\/post"}],"author":[{"embeddable":true,"href":"https:\/\/tvsensor.com\/api\/wp\/v2\/users\/7"}],"replies":[{"embeddable":true,"href":"https:\/\/tvsensor.com\/api\/wp\/v2\/comments?post=23191"}],"version-history":[{"count":2,"href":"https:\/\/tvsensor.com\/api\/wp\/v2\/posts\/23191\/revisions"}],"predecessor-version":[{"id":23207,"href":"https:\/\/tvsensor.com\/api\/wp\/v2\/posts\/23191\/revisions\/23207"}],"wp:featuredmedia":[{"embeddable":true,"href":"https:\/\/tvsensor.com\/api\/wp\/v2\/media\/23192"}],"wp:attachment":[{"href":"https:\/\/tvsensor.com\/api\/wp\/v2\/media?parent=23191"}],"wp:term":[{"taxonomy":"category","embeddable":true,"href":"https:\/\/tvsensor.com\/api\/wp\/v2\/categories?post=23191"},{"taxonomy":"post_tag","embeddable":true,"href":"https:\/\/tvsensor.com\/api\/wp\/v2\/tags?post=23191"}],"curies":[{"name":"wp","href":"https:\/\/api.w.org\/{rel}","templated":true}]}}