{"id":23184,"date":"2021-01-29T13:37:53","date_gmt":"2021-01-29T12:37:53","guid":{"rendered":"https:\/\/senzor.ba\/?p=23184"},"modified":"2024-01-15T21:40:39","modified_gmt":"2024-01-15T20:40:39","slug":"banjalucaninu-aureliju-sevcuku-kozarski-zanat-usao-u-krv","status":"publish","type":"post","link":"https:\/\/tvsensor.com\/clanak\/banjalucaninu-aureliju-sevcuku-kozarski-zanat-usao-u-krv\/","title":{"rendered":"Banjalu\u010daninu Aureliju \u0160ev\u010duku ko\u017earski zanat \u201du\u0161ao u krv\u201d"},"content":{"rendered":"\n<p>Aurelijo \u0160ev\u010duk, Banjalu\u010danin koji je savladao sve tajne ko\u017earskog zanata u radnji koju je kao kroja\u010dku 1963. godine otvorio njegov otac, ve\u0107 godinama kroji i \u0161ije ko\u017enu galanteriju.<\/p>\n\n\n\n<p>&#8220;Bavim se izradom ko\u017ene galanterije, ustvari izradom ru\u010dnih torbi, kai\u0161eva, nov\u010danika i tako te sitne galanterije, uglavnom proizvodi od ko\u017ee&#8221;, rekao je za Anadolu Agency (AA) \u0160ev\u010duk.<\/p>\n\n\n\n<p>Ispri\u010dao je kako je njegov otac jako mlad oti\u0161ao na kroja\u010dki zanat, a u ovoj radnji uglavnom je \u0161ivao odjela po mjeri.<\/p>\n\n\n\n<p>Aurelijo \u0160ev\u010duk je elektrotehni\u010dar ra\u010dunara po zanimanju. Vi\u0161u poslovnu \u0161kolu u Beogradu napustio je, iako mu je ostao tek jedan ispit, kada mu se otac razbolio. Tada se Aurelijo koji je od malena u radioni posvetio ovoj radnji, a sada mu je ovaj zanat \u201du\u0161ao u krv\u201d. I dok zanat polako izumire \u0160ev\u010duk ka\u017ee da ni ne razmi\u0161lja da bi radio ne\u0161to drugo.<\/p>\n\n\n\n<p>&#8220;Jako dugo, poslije \u0161kole, fakulteta, jako dugo se ve\u0107 bavim sa tim. Odmah sam nastavio, \u0161to se ka\u017ee priklju\u010dio se radioni i po\u010deo to da radim&#8221;, rekao je on.<\/p>\n\n\n\n<p>Ka\u017ee da je me\u0111u ma\u0161inama koje svakodnevno koristi ostalo i ne\u0161to onih iz vremena u kojem je radio njegov otac.<\/p>\n\n\n\n<p>&#8220;Ne\u0161to se i modernizuje, malo se ide na ne\u0161to savremenije, ali uglavnom je to taj neki stari princip rada koji je ostao&#8221;, kazao je \u0160ev\u010duk.<\/p>\n\n\n\n<p>Na pitanje da li je te\u0161ko odr\u017eavati stare ma\u0161ine, istakao je da je to jako te\u0161ko, da uslovi nisu takvi da mo\u017ee da nabavlja nove, pa se radi na starim ma\u0161inama, koje moraju da se servisiraju i sre\u0111uju.<\/p>\n\n\n\n<p>A u ovoj ko\u017earskoj radnji pored raznog alata nalaze se i ma\u0161ine za stanjivanje ko\u017ee, kako bi se ko\u017ea prilagodila proizvodu, ma\u0161ine za krojenje, koje majstoru \u0161tede vrijeme koje bi izgubio za ru\u010dno krojenje, te razli\u010dite ma\u0161ine za \u0161ivanje.<\/p>\n\n\n\n<p>Iako su u Bosni i Hercegovini opstale fabrike ko\u017ee u Kaknju i Bugojnu fabrike za samu proizvodnju potrebno je nabavljati i materijal iz inostranstva.<\/p>\n\n\n\n<p>&#8220;I tu je su\u017een izbor, mora da se iza\u0111e van BiH da bi se bilo \u0161ta nabavilo. mo\u017ee da se nabavi i ovdje, ima firmi koje ne\u0161to rade ali sad da bi se proizvod napravio da bude i konkurentan i da lijepo izgleda mora nabavka da se tra\u017ei van granica&#8221;, pri\u010dao je \u0160ev\u010duk.<\/p>\n\n\n\n<p>Pojasnio je da ko\u017ea ima raznih boja, struktura, lica, a za svaki proizvod se tra\u017ei ne\u0161to druga\u010dije. Naveo je da je na primjer namjenska ko\u017ea za kai\u0161 debela, malo i kruta i tra\u017ei druga\u010diju obradu, dok su za torbe potrebne mek\u0161e ko\u017ee sa ljep\u0161im licem, druga\u010dije su za raditi.<\/p>\n\n\n\n<p>\u0160ev\u010duk se pri izradi svojih proizvoda bazira na to da je u pitanju prava ko\u017ea, prirodni materijali i da ne radi ni\u0161ta od vje\u0161ta\u010dkog materijala, a uz ko\u017eu kombinuje uglavnom pamu\u010dne postave koje se lijepo uklapaju.<\/p>\n\n\n\n<p>Na pitanje \u0161ta od proizvoda najvi\u0161e voli da pravi odgovorio je: &#8220;U su\u0161tini je najvi\u0161e torba, sad to je \u0161irok pojam, ima i mu\u0161ki program i \u017eenski program i ne znam raznih modela i svega, nemam ni\u0161ta specifi\u010dno da sam se bazirao na ne\u0161to, uglavnom ono \u0161to ima posla to se radi&#8221;.<\/p>\n\n\n\n<p>\u0160ev\u010duk nema prodavnicu ni izlog svoji proizvoda, a mo\u017ee pokazati tek malo proizvoda koje je izradio jer mu prodaja ide na specifi\u010dan na\u010din.<\/p>\n\n\n\n<p>&#8220;Kod mene konkretno mu\u0161terije koje ve\u0107 kupuju kod mene znaju redovno ne\u0161to da naru\u010duju, to su uglavnom takvi kupci. U su\u0161tini mu\u0161terije koje prepoznaju kvalitet, ni\u0161ta drugo&#8221;, kazao je on.<\/p>\n\n\n\n<p>De\u0161ava se da mu\u0161terije kod drugih vide ne\u0161to \u0161to je pravio pa naru\u010duju da napravi i njima ili im se ne\u0161to dopada na fotografijama pa Aurelijo \u0160ev\u010duk radi po fotografiji. U tom slu\u010daju, kada nije u pitanju razra\u0111en proizvod, dogovara se o detaljima sa mu\u0161terijom, pa izra\u0111uje \u0161ablon, zatim i prototip, pa tek onda konkretan proizvod.<\/p>\n\n\n\n<p>Za vrijeme posjete ekipe AA \u0160ev\u010duk je radio na transportnim torbama za mlinove za kafu, a prema njegovim rije\u010dima ponekad radi i po narud\u017ebama iz inostranstva.<\/p>\n\n\n\n<p>&#8220;To jeste pre\u017eivljavanje, ne\u0161to se ponekad uradi prema vani, da se radi neka usluga \u0161ivanja i to malo popravi standard, za ovako malu radionicu, ne mogu da se rade ogromni poslovi neki, radi se dosta manje i to je to&#8221;, kazao je \u0160ev\u010duk.<\/p>\n\n\n\n<p>Na pitanje \u0161ta mu mu\u0161terije najvi\u0161e tra\u017ee rekao je da su to naj\u010de\u0161\u0107e kai\u0161 i mu\u0161ka torba, ali da se najvi\u0161e tra\u017ei kvalitet.<\/p>\n\n\n\n<p>Izvor: Agencije<\/p>\n","protected":false},"excerpt":{"rendered":"<p>Aurelijo \u0160ev\u010duk, Banjalu\u010danin koji je savladao sve tajne ko\u017earskog zanata u radnji koju je kao kroja\u010dku 1963. godine otvorio njegov otac, ve\u0107 godinama kroji i \u0161ije ko\u017enu galanteriju. &#8220;Bavim se izradom ko\u017ene galanterije, ustvari izradom ru\u010dnih torbi, kai\u0161eva, nov\u010danika i tako te sitne galanterije, uglavnom proizvodi od ko\u017ee&#8221;, rekao je za Anadolu Agency (AA) \u0160ev\u010duk. [&hellip;]<\/p>\n","protected":false},"author":59,"featured_media":23186,"comment_status":"closed","ping_status":"closed","sticky":false,"template":"","format":"standard","meta":{"inline_featured_image":false,"footnotes":""},"categories":[46],"tags":[],"class_list":{"0":"post-23184","1":"post","2":"type-post","3":"status-publish","4":"format-standard","5":"has-post-thumbnail","7":"category-kultura"},"acf":[],"_links":{"self":[{"href":"https:\/\/tvsensor.com\/api\/wp\/v2\/posts\/23184","targetHints":{"allow":["GET"]}}],"collection":[{"href":"https:\/\/tvsensor.com\/api\/wp\/v2\/posts"}],"about":[{"href":"https:\/\/tvsensor.com\/api\/wp\/v2\/types\/post"}],"author":[{"embeddable":true,"href":"https:\/\/tvsensor.com\/api\/wp\/v2\/users\/59"}],"replies":[{"embeddable":true,"href":"https:\/\/tvsensor.com\/api\/wp\/v2\/comments?post=23184"}],"version-history":[{"count":1,"href":"https:\/\/tvsensor.com\/api\/wp\/v2\/posts\/23184\/revisions"}],"predecessor-version":[{"id":23187,"href":"https:\/\/tvsensor.com\/api\/wp\/v2\/posts\/23184\/revisions\/23187"}],"wp:featuredmedia":[{"embeddable":true,"href":"https:\/\/tvsensor.com\/api\/wp\/v2\/media\/23186"}],"wp:attachment":[{"href":"https:\/\/tvsensor.com\/api\/wp\/v2\/media?parent=23184"}],"wp:term":[{"taxonomy":"category","embeddable":true,"href":"https:\/\/tvsensor.com\/api\/wp\/v2\/categories?post=23184"},{"taxonomy":"post_tag","embeddable":true,"href":"https:\/\/tvsensor.com\/api\/wp\/v2\/tags?post=23184"}],"curies":[{"name":"wp","href":"https:\/\/api.w.org\/{rel}","templated":true}]}}