{"id":23161,"date":"2021-01-29T09:22:51","date_gmt":"2021-01-29T08:22:51","guid":{"rendered":"https:\/\/senzor.ba\/?p=23161"},"modified":"2024-01-15T21:40:39","modified_gmt":"2024-01-15T20:40:39","slug":"neredi-tokom-prosvjeda-protiv-korona-mjera-u-holandiji","status":"publish","type":"post","link":"https:\/\/tvsensor.com\/clanak\/neredi-tokom-prosvjeda-protiv-korona-mjera-u-holandiji\/","title":{"rendered":"Neredi tokom prosvjeda protiv korona mjera u Holandiji"},"content":{"rendered":"\n<p>Prosvjedi u Holandiji protiv no\u0107nog policijskog sata s ciljem sprije\u010davanja \u0161irenja pandemije doveli su do nasilnih obra\u010duna izme\u0111u prosvjednika i policije u oko 10 gradova uklju\u010duju\u0107i Haag, Tilburg, Venlo, Enschede i Roermond. Ono \u0161to je krenulo sa dru\u0161tvenih mre\u017ea ubrzo je dobilo nasilni epilog.<\/p>\n\n\n\n<p>Na policijiske slu\u017ebenike bacana su pirotehni\u010dka sredstva i kamenje. U Haagu su prosvjednici palili automobile.<\/p>\n\n\n\n<figure class=\"wp-block-embed is-type-video is-provider-youtube wp-block-embed-youtube wp-embed-aspect-16-9 wp-has-aspect-ratio\"><div class=\"wp-block-embed__wrapper\">\n<iframe loading=\"lazy\" title=\"Niederlande: Randale bei Corona-Protesten\" width=\"696\" height=\"392\" src=\"https:\/\/www.youtube.com\/embed\/Qdn4N6PBBE8?feature=oembed\" frameborder=\"0\" allow=\"accelerometer; autoplay; clipboard-write; encrypted-media; gyroscope; picture-in-picture\" allowfullscreen><\/iframe>\n<\/div><\/figure>\n\n\n\n<p>Policija je sprije\u010dila odr\u017eavanje prethodno zabranjenih prosvjeda u Amsterdamu i Eindhovenu kori\u0161tenjem vodenih topova i suzavaca.<\/p>\n\n\n\n<p>Nekolicina automobila je zapaljena, a trgovine oplja\u010dkane u Eindhovenu. Neovla\u0161teni prosvjedi su eskalirali i u Amsterdamu, gdje su se stotine ljudi okupile i bacali pirotehni\u010dka sredstva i kamenje. Policija je koristila vodene topove, a oko 170 ljudi je uhap\u0161eno, dok je broj i ve\u0107i kad se uzmu u obzir i ostali gradovi.<\/p>\n\n\n\n<p>U danima nakon najnasilnijih prosvjeda u zadnjih 40 godina, kako ih policija opisuje, slike gradova u Holandiji izazivaju zgra\u017eavanje: ulice su prekrivene polomljenim staklom i kamenjem, a ni paljevine automobila nisu rijetka pojava. Premijer Mark Rutte nastro\u017eije osu\u0111uje nasilje te smatra da to nema veze sa prosvjedima. \u00a0<\/p>\n\n\n\n<p>Podsje\u0107amo, kako bi sprije\u010dili \u0161irenje pandemije vlada je uvela no\u0107ni policijiski sat od 9 uve\u010der do 4:30 iza pono\u0107i. Nove mjere su stupile na snagu u subotu uve\u010der i ubrzo izazvale velike nerede. \u00a0<\/p>\n\n\n\n<p><\/p>\n","protected":false},"excerpt":{"rendered":"<p>Prosvjedi u Holandiji protiv no\u0107nog policijskog sata s ciljem sprije\u010davanja \u0161irenja pandemije doveli su do nasilnih obra\u010duna izme\u0111u prosvjednika i policije u oko 10 gradova uklju\u010duju\u0107i Haag, Tilburg, Venlo, Enschede i Roermond. Ono \u0161to je krenulo sa dru\u0161tvenih mre\u017ea ubrzo je dobilo nasilni epilog. Na policijiske slu\u017ebenike bacana su pirotehni\u010dka sredstva i kamenje. U Haagu [&hellip;]<\/p>\n","protected":false},"author":59,"featured_media":23169,"comment_status":"closed","ping_status":"closed","sticky":false,"template":"","format":"standard","meta":{"inline_featured_image":false,"footnotes":""},"categories":[41,72],"tags":[],"class_list":{"0":"post-23161","1":"post","2":"type-post","3":"status-publish","4":"format-standard","5":"has-post-thumbnail","7":"category-svijet","8":"category-video-galerija"},"acf":[],"_links":{"self":[{"href":"https:\/\/tvsensor.com\/api\/wp\/v2\/posts\/23161","targetHints":{"allow":["GET"]}}],"collection":[{"href":"https:\/\/tvsensor.com\/api\/wp\/v2\/posts"}],"about":[{"href":"https:\/\/tvsensor.com\/api\/wp\/v2\/types\/post"}],"author":[{"embeddable":true,"href":"https:\/\/tvsensor.com\/api\/wp\/v2\/users\/59"}],"replies":[{"embeddable":true,"href":"https:\/\/tvsensor.com\/api\/wp\/v2\/comments?post=23161"}],"version-history":[{"count":11,"href":"https:\/\/tvsensor.com\/api\/wp\/v2\/posts\/23161\/revisions"}],"predecessor-version":[{"id":23183,"href":"https:\/\/tvsensor.com\/api\/wp\/v2\/posts\/23161\/revisions\/23183"}],"wp:featuredmedia":[{"embeddable":true,"href":"https:\/\/tvsensor.com\/api\/wp\/v2\/media\/23169"}],"wp:attachment":[{"href":"https:\/\/tvsensor.com\/api\/wp\/v2\/media?parent=23161"}],"wp:term":[{"taxonomy":"category","embeddable":true,"href":"https:\/\/tvsensor.com\/api\/wp\/v2\/categories?post=23161"},{"taxonomy":"post_tag","embeddable":true,"href":"https:\/\/tvsensor.com\/api\/wp\/v2\/tags?post=23161"}],"curies":[{"name":"wp","href":"https:\/\/api.w.org\/{rel}","templated":true}]}}