{"id":22322,"date":"2021-01-13T23:13:25","date_gmt":"2021-01-13T22:13:25","guid":{"rendered":"https:\/\/senzor.ba\/?p=22322"},"modified":"2024-01-15T21:40:51","modified_gmt":"2024-01-15T20:40:51","slug":"bivsoj-federalnoj-zastupnici-vesni-svancer-dvije-godine-i-mjesec-zatvora","status":"publish","type":"post","link":"https:\/\/tvsensor.com\/clanak\/bivsoj-federalnoj-zastupnici-vesni-svancer-dvije-godine-i-mjesec-zatvora\/","title":{"rendered":"Biv\u0161oj federalnoj zastupnici Vesni \u0160vancer dvije godine i mjesec zatvora"},"content":{"rendered":"\n<p>Biv\u0161a potpredsjedavaju\u0107a Predstavni\u010dkog doma Parlamenta FBiH Vesna \u0160vancer pravosna\u017eno je osu\u0111ena na jedinstvenu kaznu zatvora u trajanju od dvije godine i jedan mjesec zatvora zbog vi\u0161e krivi\u010dnih djela.Kantonalni sud u Tuzli donio je osu\u0111uju\u0107u pravosna\u017enu presudu za \u0160vancer te joj je izrekao jedinstenu kaznu zatvora zbog krivi\u010dnog djela udru\u017eivanje radi \u010dinjenja krivi\u010dnih djela po\u010dinjenog u sticaju sa krivi\u010dnim djelima zloupotreba polo\u017eaja i ovla\u0161\u0107enja i prevara<\/p>\n\n\n\n<p>Tako\u0111er, njoj je izre\u010dena i sigurnosna mjera zabrane obavljanja svakog poziva, djelatnosti ili du\u017enosti u predstavni\u010dkim i izvr\u0161nim organima vlasti, javnim ustanovama ili preduze\u0107ima u BiH u periodu od dvije godine. Uz to, prema presudi, oduzima joj se i imovinska korist pribavljena krivi\u010dnim djelima u iznosu od skoro 11.500 KM i utvr\u0111uje obaveza da jednom od o\u0161te\u0107enih vrati oko 5.000 KM \u0161tete.<\/p>\n\n\n\n<p>\u201cKantonalni sud Tuzla je pravosna\u017enom presudom preina\u010dio prvostepenu presudu Op\u0107inskog suda Tuzla kojom joj je ranije izre\u010dena jedinstvena kazna zatvora u trajanju od dvije godine i \u0161est mjeseci i navedena mjera zabrane obavljanja poziva ili du\u017enosti u trajanju od 10 godina\u201d, naveo je glasnogovornik Tu\u017eila\u0161tva TK Admir Arnautovi\u0107.<\/p>\n\n\n\n<p>Podsje\u0107amo, optu\u017enicom tuzlanskog tu\u017eila\u0161tva \u0160vancer se teretila da je formirala udru\u017eenje, u kojem su bili Azra D\u017eafi\u0107 i jo\u0161 neke njima poznate osobe, kako bi u postupku dodjele i isplate nepovratne pomo\u0107i gra\u0111anima i neprofitnim organizacijama u FBiH iz planiranih sredstava bud\u017eeta Predstavni\u010dkog doma Parlamenta FBiH, uslovljavali iste da im vrate ve\u0107i dio ispla\u0107enih sredstava.<\/p>\n\n\n\n<p>\u201cTako su \u0160vancer i drugi \u010dlanovi udru\u017eenja u periodu od marta 2016. do aprila 2018. godine u Sarajevu, Visokom, Tuzli i Koraju, vode\u0107i se li\u010dnim interesima, a ne interesima slu\u017ebe i gra\u0111ana FBiH i suprotno Poslovniku Parlamenta FBiH, kontaktirali gra\u0111ane i neprofitne organizacije te obe\u0107avali, a \u0160vancer i ispla\u0107ivala, nepovratnu pomo\u0107 u manjim iznosima, a ve\u0107inu sredstava korisnici su vra\u0107ali \u0160vancer ili \u010dlanovima udru\u017eenja\u201d, istaknuto je u optu\u017enici.<\/p>\n\n\n\n<p>U optu\u017enici je navedeno da je \u0160vancer, kao organizatorica udru\u017eenja, odobrila ukupno devet isplata korisnicima pomo\u0107i, u pet situacija gra\u0111anima i u \u010detiri neprofitnim organizacijama, koji su, uslovljeni od \u010dlanova udru\u017eenja ili same \u0160vancer, znatan dio ispla\u0107enih sredstava njima i vratili.<\/p>\n\n\n\n<p>Tako\u0111er, \u0160vancer je optu\u017eena i da je 2017. godine u Visokom obe\u0107avala jednoj osobi da \u0107e njegovom privrednom dru\u0161tvu pomo\u0107i u naplati ve\u0107eg iznosa potra\u017eivanja od du\u017enika, iako u tom pravcu nije poduzela ni\u0161ta. Dr\u017ee\u0107i ovu osobu u zabludi da \u0107e mu pomo\u0107i, od njega je tra\u017eila 2.500 eura pozajmice, da bi po primanju novca izbjegavala bilo kakve kontakte s njim.<br>Izvor: epravo.ba<\/p>\n","protected":false},"excerpt":{"rendered":"<p>Biv\u0161a potpredsjedavaju\u0107a Predstavni\u010dkog doma Parlamenta FBiH Vesna \u0160vancer pravosna\u017eno je osu\u0111ena na jedinstvenu kaznu zatvora u trajanju od dvije godine i jedan mjesec zatvora zbog vi\u0161e krivi\u010dnih djela.Kantonalni sud u Tuzli donio je osu\u0111uju\u0107u pravosna\u017enu presudu za \u0160vancer te joj je izrekao jedinstenu kaznu zatvora zbog krivi\u010dnog djela udru\u017eivanje radi \u010dinjenja krivi\u010dnih djela po\u010dinjenog u [&hellip;]<\/p>\n","protected":false},"author":59,"featured_media":22326,"comment_status":"closed","ping_status":"closed","sticky":false,"template":"","format":"standard","meta":{"inline_featured_image":false,"footnotes":""},"categories":[37,38],"tags":[461],"class_list":{"0":"post-22322","1":"post","2":"type-post","3":"status-publish","4":"format-standard","5":"has-post-thumbnail","7":"category-vijesti","8":"category-vijesti-iz-bih","9":"tag-vesni-svancer-dvije-godine-i-mjesec-zatvora"},"acf":[],"_links":{"self":[{"href":"https:\/\/tvsensor.com\/api\/wp\/v2\/posts\/22322","targetHints":{"allow":["GET"]}}],"collection":[{"href":"https:\/\/tvsensor.com\/api\/wp\/v2\/posts"}],"about":[{"href":"https:\/\/tvsensor.com\/api\/wp\/v2\/types\/post"}],"author":[{"embeddable":true,"href":"https:\/\/tvsensor.com\/api\/wp\/v2\/users\/59"}],"replies":[{"embeddable":true,"href":"https:\/\/tvsensor.com\/api\/wp\/v2\/comments?post=22322"}],"version-history":[{"count":1,"href":"https:\/\/tvsensor.com\/api\/wp\/v2\/posts\/22322\/revisions"}],"predecessor-version":[{"id":22327,"href":"https:\/\/tvsensor.com\/api\/wp\/v2\/posts\/22322\/revisions\/22327"}],"wp:featuredmedia":[{"embeddable":true,"href":"https:\/\/tvsensor.com\/api\/wp\/v2\/media\/22326"}],"wp:attachment":[{"href":"https:\/\/tvsensor.com\/api\/wp\/v2\/media?parent=22322"}],"wp:term":[{"taxonomy":"category","embeddable":true,"href":"https:\/\/tvsensor.com\/api\/wp\/v2\/categories?post=22322"},{"taxonomy":"post_tag","embeddable":true,"href":"https:\/\/tvsensor.com\/api\/wp\/v2\/tags?post=22322"}],"curies":[{"name":"wp","href":"https:\/\/api.w.org\/{rel}","templated":true}]}}