{"id":22311,"date":"2021-01-13T20:06:17","date_gmt":"2021-01-13T19:06:17","guid":{"rendered":"https:\/\/senzor.ba\/?p=22311"},"modified":"2024-01-15T21:40:51","modified_gmt":"2024-01-15T20:40:51","slug":"neredi-u-briselu-zapalili-ulaz-policijske-stanice-i-policijsko-vozilo","status":"publish","type":"post","link":"https:\/\/tvsensor.com\/clanak\/neredi-u-briselu-zapalili-ulaz-policijske-stanice-i-policijsko-vozilo\/","title":{"rendered":"Neredi u Briselu: Zapalili ulaz policijske stanice i policijsko vozilo"},"content":{"rendered":"\n<p>Demonstranti u Briselu, glavnom gradu Belgije, zapalili su ulaz policijske stanice i policijsko vozilo tokom protesta zbog smrti tinejd\u017eera afri\u010dkog porijekla koji je preminuo nakon \u0161to ga je privela policija.<\/p>\n\n\n\n<p>Stotine gra\u0111ana okupilo se pred policijskom stanicom, u blizini \u017eeljezni\u010dke stanice na sjeveru Brisela, na protestima zbog smrti 23-godi\u0161njeg tinejd\u017eera afri\u010dkog porijekla po imenu Ibrahima Barrie.<\/p>\n\n\n\n<p>Tokom protesta mogle su se \u010duti parole &#8220;\u017divot crnaca je va\u017ean&#8221;, &#8220;Pravda za Ibrahimu&#8221;, &#8220;Policajci ubice&#8221;, a demonstranti su potom po\u010deli bacati kamenje na policijsku stanicu, na \u0161to su pripadnici snaga sigurnosti odgovorili kori\u0161tenjem vodenog topa. Demonstranti su ne\u0161to kasnije zapalili ulaz policijske stanice i policijski automobil.<\/p>\n\n\n\n<p>Tokom nereda razbijena su stakla na brojnim policijskim automobilima, a demonstranti su o\u0161tetili bankomate i radnje u obli\u017enjim ulicama.<\/p>\n\n\n\n<p>U me\u0111uvremenu, demonstranti su kamenjem pogodili i vozilo belgijskog kralja Philippea, koje je slu\u010dajno prolazio regijom u kojoj su protesti trajali. Automobil se brzo udaljio s mjesta doga\u0111aja, a jo\u0161 je nepoznato da li je u tom trenutku u vozilu bio kralj Philippe.<\/p>\n\n\n\n<p>Tokom policijske intervencije nekoliko demonstranata je povrije\u0111eno. Povrije\u0111eni su preba\u010deni u bolnicu, a vi\u0161e demonstranata je privedeno.<\/p>\n\n\n\n<p>Podsje\u0107amo, policija je privela tinejd\u017eera Ibrahimu Barriea s obrazlo\u017eenjem da se nije pridr\u017eavao mjera poduzetih u okviru borbe protiv koronavirusa. Navedeno je da je Barrie mobitelom snimio video policije, a zatim pobjegao.<\/p>\n\n\n\n<p>Barrie, koji je uhap\u0161en i odveden u policijsku postaju, sat vremena kasnije izgubio je svijest, a umro u bolnici u koju je preba\u010den. Tu\u017eila\u0161tvo je pokrenulo istragu o smrti mladi\u0107a.<\/p>\n\n\n\n<p>AA<\/p>\n","protected":false},"excerpt":{"rendered":"<p>Demonstranti u Briselu, glavnom gradu Belgije, zapalili su ulaz policijske stanice i policijsko vozilo tokom protesta zbog smrti tinejd\u017eera afri\u010dkog porijekla koji je preminuo nakon \u0161to ga je privela policija. Stotine gra\u0111ana okupilo se pred policijskom stanicom, u blizini \u017eeljezni\u010dke stanice na sjeveru Brisela, na protestima zbog smrti 23-godi\u0161njeg tinejd\u017eera afri\u010dkog porijekla po imenu Ibrahima [&hellip;]<\/p>\n","protected":false},"author":7,"featured_media":22312,"comment_status":"closed","ping_status":"closed","sticky":false,"template":"","format":"standard","meta":{"inline_featured_image":false,"footnotes":""},"categories":[41,37],"tags":[],"class_list":{"0":"post-22311","1":"post","2":"type-post","3":"status-publish","4":"format-standard","5":"has-post-thumbnail","7":"category-svijet","8":"category-vijesti"},"acf":[],"_links":{"self":[{"href":"https:\/\/tvsensor.com\/api\/wp\/v2\/posts\/22311","targetHints":{"allow":["GET"]}}],"collection":[{"href":"https:\/\/tvsensor.com\/api\/wp\/v2\/posts"}],"about":[{"href":"https:\/\/tvsensor.com\/api\/wp\/v2\/types\/post"}],"author":[{"embeddable":true,"href":"https:\/\/tvsensor.com\/api\/wp\/v2\/users\/7"}],"replies":[{"embeddable":true,"href":"https:\/\/tvsensor.com\/api\/wp\/v2\/comments?post=22311"}],"version-history":[{"count":3,"href":"https:\/\/tvsensor.com\/api\/wp\/v2\/posts\/22311\/revisions"}],"predecessor-version":[{"id":22473,"href":"https:\/\/tvsensor.com\/api\/wp\/v2\/posts\/22311\/revisions\/22473"}],"wp:featuredmedia":[{"embeddable":true,"href":"https:\/\/tvsensor.com\/api\/wp\/v2\/media\/22312"}],"wp:attachment":[{"href":"https:\/\/tvsensor.com\/api\/wp\/v2\/media?parent=22311"}],"wp:term":[{"taxonomy":"category","embeddable":true,"href":"https:\/\/tvsensor.com\/api\/wp\/v2\/categories?post=22311"},{"taxonomy":"post_tag","embeddable":true,"href":"https:\/\/tvsensor.com\/api\/wp\/v2\/tags?post=22311"}],"curies":[{"name":"wp","href":"https:\/\/api.w.org\/{rel}","templated":true}]}}