{"id":22307,"date":"2021-01-13T20:03:21","date_gmt":"2021-01-13T19:03:21","guid":{"rendered":"https:\/\/senzor.ba\/?p=22307"},"modified":"2024-01-15T21:40:52","modified_gmt":"2024-01-15T20:40:52","slug":"zene-iz-gracanice-siju-vrece-za-spavanje-migrantima","status":"publish","type":"post","link":"https:\/\/tvsensor.com\/clanak\/zene-iz-gracanice-siju-vrece-za-spavanje-migrantima\/","title":{"rendered":"\u017dene iz Gra\u010danice \u0161iju vre\u0107e za spavanje migrantima"},"content":{"rendered":"\n<p>Uprkos povremenim incidentima, potresne slike migranata koji su bosansku zimu do\u010dekali bez krova nad glavom izazvale su empatiju i veliku humanost bh. ljudi. Jedan od primjera su i \u017eene iz Gra\u010danice koje su, bez i\u010dije pomo\u0107i, pokrenule akciju \u0161ivanja vre\u0107a za spavanje da bi, ka\u017eu, barem na ovaj na\u010din pomogle ljudima u pokretu da lak\u0161e podnesu hladno\u0107u kojoj su svakodnevno izlo\u017eeni.<\/p>\n\n\n\n<p>U akciju se, na inicijativu sugra\u0111anke Nihade Okanovi\u0107, uklju\u010dilo desetak udru\u017eenja \u017eena iz gra\u010dani\u010dkog kraja. Ve\u0107ina je odustala zbog nedostatka adekvatne opreme za proizvodnju. Najupornije zati\u010demo u maloj improviziranoj radionici.<\/p>\n\n\n\n<p>&#8211; Zamislite, mi u vru\u0107oj sobi sjedimo, a napolju je toliki minus i neko da tamo prespava. Ne znam da li je to uredu &#8211; ka\u017ee Hana Kapetanovi\u0107, predsjednica udru\u017eenja Tragom tradicije Gra\u010danica.<\/p>\n\n\n\n<p>Materijal su ispod cijene dobile od jednog privrednika iz Gra\u010danice.<\/p>\n\n\n\n<p>&#8211; Dao nam je jeftinije i dao nam je na obraz. Sad radimo od tog materijala, a ljudi koji ho\u0107e pomo\u0107i mogu uplatiti ili donijeti da se taj materijal otplati &#8211; isti\u010de Kapetanovi\u0107.<\/p>\n\n\n\n<p>U maloj radionici ova mala grupa \u017eena svakodnevno marljivo priprema vre\u0107e za spavanje.<\/p>\n\n\n\n<p>&#8211; Makaze nikad nisam dr\u017eala osim olovke, ali danas evo poma\u017eem pakujem, uglavnom dajem svoj doprinos &#8211; ka\u017ee Murveta Be\u0161i\u0107, penzionerka iz Gra\u010danice.<\/p>\n\n\n\n<p>&#8211; Ne \u0161ijem, ali iskrajale smo ne\u0161to, pakujemo. \u0160to nas je vi\u0161e vi\u0161e \u0107emo uraditi &#8211; dodaje penzionerka Ferida Sokolovi\u0107.<\/p>\n\n\n\n<p>Iako kvalitetno, platno za vre\u0107e je bilo tanko, pa su ga ove vrijedne ruke poja\u010dale dodatnim slojem. Namjera im je da u prvoj fazi proizvedu 160 vre\u0107a koje \u0107e migrantima uru\u010diti putem humanitarne organizacije Emmaus.<\/p>\n\n\n\n<p>&#8211; Narod se mrzne, a pomislim samo da je moje dijete u takvoj situaciji &#8211; suosje\u0107a Hava Okanovi\u0107.<\/p>\n\n\n\n<p>&#8211; Pravimo vre\u0107u da to li\u010di na ne\u0161to. Ljudi ho\u0107e da pomognu pa onda \u010diste sme\u0107e iz svoje ku\u0107e. Ne treba tako. Oni su na ulici i o njima se niko ne brine. Oni su nekud krenuli. Politikom se ne bavim i ne znam, samo znam da ti ljudi trebaju pomo\u0107 &#8211; zaklju\u010dila je Kapetanovi\u0107<\/p>\n\n\n\n<p>federalna.ba<\/p>\n","protected":false},"excerpt":{"rendered":"<p>Uprkos povremenim incidentima, potresne slike migranata koji su bosansku zimu do\u010dekali bez krova nad glavom izazvale su empatiju i veliku humanost bh. ljudi. Jedan od primjera su i \u017eene iz Gra\u010danice koje su, bez i\u010dije pomo\u0107i, pokrenule akciju \u0161ivanja vre\u0107a za spavanje da bi, ka\u017eu, barem na ovaj na\u010din pomogle ljudima u pokretu da lak\u0161e [&hellip;]<\/p>\n","protected":false},"author":7,"featured_media":22308,"comment_status":"closed","ping_status":"closed","sticky":false,"template":"","format":"standard","meta":{"inline_featured_image":false,"footnotes":""},"categories":[37,38],"tags":[],"class_list":{"0":"post-22307","1":"post","2":"type-post","3":"status-publish","4":"format-standard","5":"has-post-thumbnail","7":"category-vijesti","8":"category-vijesti-iz-bih"},"acf":[],"_links":{"self":[{"href":"https:\/\/tvsensor.com\/api\/wp\/v2\/posts\/22307","targetHints":{"allow":["GET"]}}],"collection":[{"href":"https:\/\/tvsensor.com\/api\/wp\/v2\/posts"}],"about":[{"href":"https:\/\/tvsensor.com\/api\/wp\/v2\/types\/post"}],"author":[{"embeddable":true,"href":"https:\/\/tvsensor.com\/api\/wp\/v2\/users\/7"}],"replies":[{"embeddable":true,"href":"https:\/\/tvsensor.com\/api\/wp\/v2\/comments?post=22307"}],"version-history":[{"count":3,"href":"https:\/\/tvsensor.com\/api\/wp\/v2\/posts\/22307\/revisions"}],"predecessor-version":[{"id":22474,"href":"https:\/\/tvsensor.com\/api\/wp\/v2\/posts\/22307\/revisions\/22474"}],"wp:featuredmedia":[{"embeddable":true,"href":"https:\/\/tvsensor.com\/api\/wp\/v2\/media\/22308"}],"wp:attachment":[{"href":"https:\/\/tvsensor.com\/api\/wp\/v2\/media?parent=22307"}],"wp:term":[{"taxonomy":"category","embeddable":true,"href":"https:\/\/tvsensor.com\/api\/wp\/v2\/categories?post=22307"},{"taxonomy":"post_tag","embeddable":true,"href":"https:\/\/tvsensor.com\/api\/wp\/v2\/tags?post=22307"}],"curies":[{"name":"wp","href":"https:\/\/api.w.org\/{rel}","templated":true}]}}