{"id":22303,"date":"2021-01-13T08:02:15","date_gmt":"2021-01-13T07:02:15","guid":{"rendered":"https:\/\/senzor.ba\/?p=22303"},"modified":"2024-01-15T21:40:52","modified_gmt":"2024-01-15T20:40:52","slug":"izraelska-organizacija-za-zastitu-ljudskih-prava-izrael-je-drzava-aparthejda","status":"publish","type":"post","link":"https:\/\/tvsensor.com\/clanak\/izraelska-organizacija-za-zastitu-ljudskih-prava-izrael-je-drzava-aparthejda\/","title":{"rendered":"Izraelska organizacija za za\u0161titu ljudskih prava: Izrael je \u201cdr\u017eava aparthejda\u201d"},"content":{"rendered":"\n<p>Izraelska grupa za ljudska prava ozna\u010dila je Izrael kao \u201cdr\u017eavu aparthejda\u201d zbog svoje politike favoriziranja Jevreja nad Palestincima, prenosi Anadolija.<\/p>\n\n\n\n<p>B'Tselem je naveo da su izraelske politike, zakoni i prakse namijenjeni promicanju jevrejske prevlasti.<\/p>\n\n\n\n<p>\u2013 Razlika prikriva \u010dinjenicu da je \u010ditavo podru\u010dje izme\u0111u Sredozemnog mora i rijeke Jordan organizirano po jedinstvenom principu: napredovanje i u\u010dvr\u0161\u0107ivanje nadmo\u0107i jedne grupe \u2013 Jevreja, nad drugom \u2013 Palestinaca \u2013 naveli su.<\/p>\n\n\n\n<p>Iz grupe za ljudska prava istakli su da \u201cre\u017eim koji koristi zakone, prakse i organizirano nasilje kako bi zacementirao nadmo\u0107 jedne grupe nad drugom je re\u017eim aparthejda\u201d.<\/p>\n\n\n\n<p>Izraelska vlada nije imala komentara na B'Tselemovo saop\u0107enje.<\/p>\n\n\n\n<p>Organizacija za za\u0161titu prava primijetila je da je Izrael od 1967. uklonio status oko 250.000 Palestinaca na Zapadnoj obali i u Pojasu Gaze.<\/p>\n\n\n\n<p>\u2013 Ove mjere, njihova sveprisutnost u zakonodavstvu i politi\u010dkoj praksi te javna i pravosudna podr\u0161ka koju dobijaju, sve su osnova za na\u0161 zaklju\u010dak da je ispunjena traka za etiketiranje izraelskog re\u017eima kao apartheida \u2013 navela je grupa.<\/p>\n\n\n\n<p>Smatraju da napori u cilju opisivanja Izraela kao demokratske dr\u017eave koja privremeno okupira milione ljudi s druge strane nemaju nikakve veze sa stvarno\u0161\u0107u.<\/p>\n\n\n\n<div id=\"fb-root\"><\/div>\n<script async defer crossorigin=\"anonymous\" src=\"https:\/\/connect.facebook.net\/en_GB\/sdk.js#xfbml=1&#038;version=v9.0\" nonce=\"ayiSiBG8\"><\/script><div class=\"fb-post\" data-href=\"https:\/\/www.facebook.com\/btselem\/posts\/10157964700431570\" data-width=\"500\" data-show-text=\"false\"><blockquote cite=\"https:\/\/www.facebook.com\/btselem\/posts\/10157964700431570\" class=\"fb-xfbml-parse-ignore\"><p>More than 14 million people, roughly half of them Jews and the other half Palestinians, live between the Jordan River&#8230;<\/p>Posted by \u200e<a href=\"https:\/\/www.facebook.com\/btselem\/\">B&#039;Tselem \u05d1\u05e6\u05dc\u05dd<\/a>\u200e on&nbsp;<a href=\"https:\/\/www.facebook.com\/btselem\/posts\/10157964700431570\">Tuesday, 12 January 2021<\/a><\/blockquote><\/div>\n\n\n\n<p>Izrael od 1967. godine pod okupacijom dr\u017ei Isto\u010dni Jerusalem i Zapadnu obalu. U Isto\u010dnom Jerusalemu se nalazi oko 200.000, a u Zapadnoj obali duplo vi\u0161e jevrejskih doseljenika. Sva novoizgra\u0111ena jevrejska naselja na tom podru\u010dju su prema me\u0111unarodnim normama ilegalna.<\/p>\n\n\n\n<p>Izme\u0111u Zapadne obale i Jerusalema Izrael je izgradio \u201czid razdvajanja\u201d kojim spre\u010dava dolazak Palestinaca u Jerusalem.<\/p>\n\n\n\n<p>Uporedo s tim, Izrael od 2006. godine pod embargom dr\u017ei i palestinsku Gazu.<\/p>\n","protected":false},"excerpt":{"rendered":"<p>Izraelska grupa za ljudska prava ozna\u010dila je Izrael kao \u201cdr\u017eavu aparthejda\u201d zbog svoje politike favoriziranja Jevreja nad Palestincima, prenosi Anadolija. B'Tselem je naveo da su izraelske politike, zakoni i prakse namijenjeni promicanju jevrejske prevlasti. \u2013 Razlika prikriva \u010dinjenicu da je \u010ditavo podru\u010dje izme\u0111u Sredozemnog mora i rijeke Jordan organizirano po jedinstvenom principu: napredovanje i u\u010dvr\u0161\u0107ivanje [&hellip;]<\/p>\n","protected":false},"author":59,"featured_media":22305,"comment_status":"closed","ping_status":"closed","sticky":false,"template":"","format":"standard","meta":{"inline_featured_image":false,"footnotes":""},"categories":[41],"tags":[],"class_list":{"0":"post-22303","1":"post","2":"type-post","3":"status-publish","4":"format-standard","5":"has-post-thumbnail","7":"category-svijet"},"acf":[],"_links":{"self":[{"href":"https:\/\/tvsensor.com\/api\/wp\/v2\/posts\/22303","targetHints":{"allow":["GET"]}}],"collection":[{"href":"https:\/\/tvsensor.com\/api\/wp\/v2\/posts"}],"about":[{"href":"https:\/\/tvsensor.com\/api\/wp\/v2\/types\/post"}],"author":[{"embeddable":true,"href":"https:\/\/tvsensor.com\/api\/wp\/v2\/users\/59"}],"replies":[{"embeddable":true,"href":"https:\/\/tvsensor.com\/api\/wp\/v2\/comments?post=22303"}],"version-history":[{"count":1,"href":"https:\/\/tvsensor.com\/api\/wp\/v2\/posts\/22303\/revisions"}],"predecessor-version":[{"id":22306,"href":"https:\/\/tvsensor.com\/api\/wp\/v2\/posts\/22303\/revisions\/22306"}],"wp:featuredmedia":[{"embeddable":true,"href":"https:\/\/tvsensor.com\/api\/wp\/v2\/media\/22305"}],"wp:attachment":[{"href":"https:\/\/tvsensor.com\/api\/wp\/v2\/media?parent=22303"}],"wp:term":[{"taxonomy":"category","embeddable":true,"href":"https:\/\/tvsensor.com\/api\/wp\/v2\/categories?post=22303"},{"taxonomy":"post_tag","embeddable":true,"href":"https:\/\/tvsensor.com\/api\/wp\/v2\/tags?post=22303"}],"curies":[{"name":"wp","href":"https:\/\/api.w.org\/{rel}","templated":true}]}}