{"id":22299,"date":"2021-01-13T07:29:15","date_gmt":"2021-01-13T06:29:15","guid":{"rendered":"https:\/\/senzor.ba\/?p=22299"},"modified":"2024-01-15T21:40:52","modified_gmt":"2024-01-15T20:40:52","slug":"mesic-pisao-bidenu-bih-treba-ustrojiti-po-gradjanskom-a-ne-nacionalnom-principu","status":"publish","type":"post","link":"https:\/\/tvsensor.com\/clanak\/mesic-pisao-bidenu-bih-treba-ustrojiti-po-gradjanskom-a-ne-nacionalnom-principu\/","title":{"rendered":"Mesi\u0107 pisao Bidenu: BiH treba ustrojiti po gra\u0111anskom, a ne nacionalnom principu"},"content":{"rendered":"\n<p>Biv\u0161i predsjednik susjedne Hrvatske Stjepan Medi\u0107 pisao je izabranom ameri\u010dkom predsjedniku Joeu Bidenu o na\u0161oj zemlji.Mesi\u0107 u pismu koje objavljuje Nacional iznosi prijedlogom kako Bosnu i Hercegovinu ustrojiti po gra\u0111anskom, a ne nacionalnom principu, \u0161to je suprotno onom \u0161to zagovara dr\u017eavni vrh Hrvatske.<\/p>\n\n\n\n<p>&#8220;Po\u0161tovani gospodine izabrani predsjedni\u010de, iako je moj mandat predsjednika Republike Hrvatske zavr\u0161io prije deset godina, jo\u0161 uvijek pratim doga\u0111anja kako u regiji tako i u svijetu. Drago mi je \u0161to vidim (iz novinskih izvje\u0161taja) da \u0107e va\u0161a budu\u0107a administracija posve\u0107ivati puno vi\u0161e pa\u017enje Jugoisto\u010dnoj Europi, a posebno Bosni i Hercegovini. Napokon&#8221;, navodi se izme\u0111u ostalog u pismu.<\/p>\n\n\n\n<p>U Mesi\u0107evom pismu navodi se \u017eelja da Sjedinjene Dr\u017eave i Evropska unija pomognu BiH &#8220;da profunkcioni\u0161e kao funkcionalna dr\u017eava&#8221;.<\/p>\n","protected":false},"excerpt":{"rendered":"<p>Biv\u0161i predsjednik susjedne Hrvatske Stjepan Medi\u0107 pisao je izabranom ameri\u010dkom predsjedniku Joeu Bidenu o na\u0161oj zemlji.Mesi\u0107 u pismu koje objavljuje Nacional iznosi prijedlogom kako Bosnu i Hercegovinu ustrojiti po gra\u0111anskom, a ne nacionalnom principu, \u0161to je suprotno onom \u0161to zagovara dr\u017eavni vrh Hrvatske. &#8220;Po\u0161tovani gospodine izabrani predsjedni\u010de, iako je moj mandat predsjednika Republike Hrvatske zavr\u0161io [&hellip;]<\/p>\n","protected":false},"author":59,"featured_media":22300,"comment_status":"closed","ping_status":"closed","sticky":false,"template":"","format":"standard","meta":{"inline_featured_image":false,"footnotes":""},"categories":[234],"tags":[],"class_list":{"0":"post-22299","1":"post","2":"type-post","3":"status-publish","4":"format-standard","5":"has-post-thumbnail","7":"category-politika"},"acf":[],"_links":{"self":[{"href":"https:\/\/tvsensor.com\/api\/wp\/v2\/posts\/22299","targetHints":{"allow":["GET"]}}],"collection":[{"href":"https:\/\/tvsensor.com\/api\/wp\/v2\/posts"}],"about":[{"href":"https:\/\/tvsensor.com\/api\/wp\/v2\/types\/post"}],"author":[{"embeddable":true,"href":"https:\/\/tvsensor.com\/api\/wp\/v2\/users\/59"}],"replies":[{"embeddable":true,"href":"https:\/\/tvsensor.com\/api\/wp\/v2\/comments?post=22299"}],"version-history":[{"count":1,"href":"https:\/\/tvsensor.com\/api\/wp\/v2\/posts\/22299\/revisions"}],"predecessor-version":[{"id":22301,"href":"https:\/\/tvsensor.com\/api\/wp\/v2\/posts\/22299\/revisions\/22301"}],"wp:featuredmedia":[{"embeddable":true,"href":"https:\/\/tvsensor.com\/api\/wp\/v2\/media\/22300"}],"wp:attachment":[{"href":"https:\/\/tvsensor.com\/api\/wp\/v2\/media?parent=22299"}],"wp:term":[{"taxonomy":"category","embeddable":true,"href":"https:\/\/tvsensor.com\/api\/wp\/v2\/categories?post=22299"},{"taxonomy":"post_tag","embeddable":true,"href":"https:\/\/tvsensor.com\/api\/wp\/v2\/tags?post=22299"}],"curies":[{"name":"wp","href":"https:\/\/api.w.org\/{rel}","templated":true}]}}