{"id":22295,"date":"2021-01-13T07:14:42","date_gmt":"2021-01-13T06:14:42","guid":{"rendered":"https:\/\/senzor.ba\/?p=22295"},"modified":"2024-01-15T21:40:52","modified_gmt":"2024-01-15T20:40:52","slug":"kantonalna-bolnica-gorazde-dobila-mamografski-aparat","status":"publish","type":"post","link":"https:\/\/tvsensor.com\/clanak\/kantonalna-bolnica-gorazde-dobila-mamografski-aparat\/","title":{"rendered":"Kantonalna bolnica Gora\u017ede dobila mamografski aparat"},"content":{"rendered":"\n<p>Kantonalnoj bolnici Gora\u017ede  je isporu\u010den analogni mamografski RTG aparat \u010diju nabavku je sufinansirala Vlada BPK Gora\u017ede uz podr\u0161ku kompanije&nbsp; Pobjeda \u201cRudet\u201c d.d. Gora\u017ede.<\/p>\n\n\n\n<p>Za nabavku mamografa izdvojeno je 84.357 KM od \u010dega je kantonalna vlada izvojila 50.000 KM.<\/p>\n\n\n\n<p>Premijerka&nbsp; BPK Gora\u017ede Aida Obu\u0107a naglasila je da je&nbsp; nabavka mamografa od velikog zna\u010daja&nbsp; za sve stanovnike BPK Gora\u017ede, posebno za \u017eene, jer se uz pomo\u0107 preventivne dijagnostike mo\u017ee otkriti rani nastanak bolesti.<\/p>\n\n\n\n<p>Direktorica Kantonalne bolnice Gora\u017ede prim.dr. Nermina Kamenica istakla je da&nbsp; iako raspola\u017eu sa kadrovima u toj zdravstvenoj ustanovi du\u017ee vrijeme nije bilo mogu\u0107e obavljati mamografske preglede, zbog nedostatka aparata.<\/p>\n\n\n\n<p>\u0160ef Odjela specijalisti\u010dko-subspecijalisti\u010de slu\u017ebe dr. Mirzet&nbsp; Adrovi\u0107 naglasio je da je broj malignih tumora u porastu.<\/p>\n\n\n\n<p>&#8211; Ovaj aparat slu\u017ei upravo za njihovo rano otkrivanje. Smatra se da se uz pomo\u0107 mamografa tumor mo\u017ee otkriti \u010dak i dvije godine prije nego \u0161to on bude opipljiv. Ovu dijagnostiku najbolje je raditi u prvih deset dana menstrualnog ciklusa \u2013 isti\u010de dr. Adrovi\u0107.<\/p>\n\n\n\n<p>Uime \u010dlanica Udru\u017eenja oboljelih od karcinoma i drugih malignih oboljenja \u201eBiser\u201c predsjednica tog udru\u017eenja Mersiha Pecikoza naglasila je kako je kona\u010dno rije\u0161en problem na koji su ve\u0107 du\u017ee vrijeme ukazivali budu\u0107i da je mamograf u bolnici u Gora\u017edu prestao da radi u januaru pro\u0161le godine.<\/p>\n\n\n\n<p>&#8211; Bojim se da \u0107emo u narednom periodu imati pove\u0107an broj novootkrivenih karcinoma, jer svake godine smo imali zna\u010dajan rast broja oboljelih, osim u pro\u0161loj kad nismo imali priliku da se pregledi rade u Gora\u017edu. Nadam se da \u0107emo sada barem oboljenja otkriti na vrijeme \u2013 kazala je Pecikoza.<\/p>\n\n\n\n<p>Fena<\/p>\n","protected":false},"excerpt":{"rendered":"<p>Kantonalnoj bolnici Gora\u017ede je isporu\u010den analogni mamografski RTG aparat \u010diju nabavku je sufinansirala Vlada BPK Gora\u017ede uz podr\u0161ku kompanije&nbsp; Pobjeda \u201cRudet\u201c d.d. Gora\u017ede. Za nabavku mamografa izdvojeno je 84.357 KM od \u010dega je kantonalna vlada izvojila 50.000 KM. Premijerka&nbsp; BPK Gora\u017ede Aida Obu\u0107a naglasila je da je&nbsp; nabavka mamografa od velikog zna\u010daja&nbsp; za sve stanovnike [&hellip;]<\/p>\n","protected":false},"author":7,"featured_media":22296,"comment_status":"closed","ping_status":"closed","sticky":false,"template":"","format":"standard","meta":{"inline_featured_image":false,"footnotes":""},"categories":[37,38],"tags":[],"class_list":{"0":"post-22295","1":"post","2":"type-post","3":"status-publish","4":"format-standard","5":"has-post-thumbnail","7":"category-vijesti","8":"category-vijesti-iz-bih"},"acf":[],"_links":{"self":[{"href":"https:\/\/tvsensor.com\/api\/wp\/v2\/posts\/22295","targetHints":{"allow":["GET"]}}],"collection":[{"href":"https:\/\/tvsensor.com\/api\/wp\/v2\/posts"}],"about":[{"href":"https:\/\/tvsensor.com\/api\/wp\/v2\/types\/post"}],"author":[{"embeddable":true,"href":"https:\/\/tvsensor.com\/api\/wp\/v2\/users\/7"}],"replies":[{"embeddable":true,"href":"https:\/\/tvsensor.com\/api\/wp\/v2\/comments?post=22295"}],"version-history":[{"count":5,"href":"https:\/\/tvsensor.com\/api\/wp\/v2\/posts\/22295\/revisions"}],"predecessor-version":[{"id":22477,"href":"https:\/\/tvsensor.com\/api\/wp\/v2\/posts\/22295\/revisions\/22477"}],"wp:featuredmedia":[{"embeddable":true,"href":"https:\/\/tvsensor.com\/api\/wp\/v2\/media\/22296"}],"wp:attachment":[{"href":"https:\/\/tvsensor.com\/api\/wp\/v2\/media?parent=22295"}],"wp:term":[{"taxonomy":"category","embeddable":true,"href":"https:\/\/tvsensor.com\/api\/wp\/v2\/categories?post=22295"},{"taxonomy":"post_tag","embeddable":true,"href":"https:\/\/tvsensor.com\/api\/wp\/v2\/tags?post=22295"}],"curies":[{"name":"wp","href":"https:\/\/api.w.org\/{rel}","templated":true}]}}