{"id":22285,"date":"2021-01-13T07:06:56","date_gmt":"2021-01-13T06:06:56","guid":{"rendered":"https:\/\/senzor.ba\/?p=22285"},"modified":"2024-01-15T21:40:52","modified_gmt":"2024-01-15T20:40:52","slug":"ministrica-husic-mehmedovic-najavila-izmjene-zakona-o-visokom-obrazovanju","status":"publish","type":"post","link":"https:\/\/tvsensor.com\/clanak\/ministrica-husic-mehmedovic-najavila-izmjene-zakona-o-visokom-obrazovanju\/","title":{"rendered":"Ministrica Husi\u0107-Mehmedovi\u0107 najavila izmjene Zakona o visokom obrazovanju"},"content":{"rendered":"\n<p>Ministrica za nauku, visoko obrazovanje i mlade Kantona Sarajevo Melika Husi\u0107-Mehmedovi\u0107 se susrela na Univerzitetu Sarajevo School of Science and Technology (SSST) s predsjednikom tog univerziteta akademikom Ejupom Gani\u0107em, saop\u0107eno je iz pres-slu\u017ebe Kantona Sarajevo.<\/p>\n\n\n\n<p>Ovo je jedna od prvih u nizu posjeta novoizabrane ministrice privatnim, ali i dr\u017eavnim univerzitetima, koje imaju za cilj uspostavljanje dobre saradnje te upoznavanje s dosada\u0161njim rezultatima i planom njihovog rada.<\/p>\n\n\n\n<p>Ministrica Husi\u0107-Mehmedovi\u0107 je obe\u0107ala ve\u0107i anga\u017eman Ministarstva i zalaganje za razvijanje sna\u017enije saradni\u010dke mre\u017ee na nivou univerziteta.<\/p>\n\n\n\n<p>Ministrica Husi\u0107-Mehmedovi\u0107 je posjetila i Internacionalni Burch univerzitet (IBU). Istaknula je tom prilikom kako je novom ministarstvu u prioritetu nekoliko ciljeva, a prije svega, fokus je na dono\u0161enju izmjena Zakona o visokom obrazovanju i Zakona o nau\u010dno-istra\u017eiva\u010dkoj djelatnosti.<\/p>\n\n\n\n<p>Naglasila je i kako \u0107e va\u017ean segment djelovanja novoosnovanog ministarstva biti uspostavljanje saradnje izme\u0111u javnih i privatnih univerziteta u KS, ali i izdvajanje vi\u0161e novca za nauku i nau\u010dno-istra\u017eiva\u010dki rad.<\/p>\n\n\n\n<p>Fena<\/p>\n","protected":false},"excerpt":{"rendered":"<p>Ministrica za nauku, visoko obrazovanje i mlade Kantona Sarajevo Melika Husi\u0107-Mehmedovi\u0107 se susrela na Univerzitetu Sarajevo School of Science and Technology (SSST) s predsjednikom tog univerziteta akademikom Ejupom Gani\u0107em, saop\u0107eno je iz pres-slu\u017ebe Kantona Sarajevo. Ovo je jedna od prvih u nizu posjeta novoizabrane ministrice privatnim, ali i dr\u017eavnim univerzitetima, koje imaju za cilj uspostavljanje [&hellip;]<\/p>\n","protected":false},"author":7,"featured_media":22286,"comment_status":"closed","ping_status":"closed","sticky":false,"template":"","format":"standard","meta":{"inline_featured_image":false,"footnotes":""},"categories":[37,38],"tags":[],"class_list":{"0":"post-22285","1":"post","2":"type-post","3":"status-publish","4":"format-standard","5":"has-post-thumbnail","7":"category-vijesti","8":"category-vijesti-iz-bih"},"acf":[],"_links":{"self":[{"href":"https:\/\/tvsensor.com\/api\/wp\/v2\/posts\/22285","targetHints":{"allow":["GET"]}}],"collection":[{"href":"https:\/\/tvsensor.com\/api\/wp\/v2\/posts"}],"about":[{"href":"https:\/\/tvsensor.com\/api\/wp\/v2\/types\/post"}],"author":[{"embeddable":true,"href":"https:\/\/tvsensor.com\/api\/wp\/v2\/users\/7"}],"replies":[{"embeddable":true,"href":"https:\/\/tvsensor.com\/api\/wp\/v2\/comments?post=22285"}],"version-history":[{"count":4,"href":"https:\/\/tvsensor.com\/api\/wp\/v2\/posts\/22285\/revisions"}],"predecessor-version":[{"id":22479,"href":"https:\/\/tvsensor.com\/api\/wp\/v2\/posts\/22285\/revisions\/22479"}],"wp:featuredmedia":[{"embeddable":true,"href":"https:\/\/tvsensor.com\/api\/wp\/v2\/media\/22286"}],"wp:attachment":[{"href":"https:\/\/tvsensor.com\/api\/wp\/v2\/media?parent=22285"}],"wp:term":[{"taxonomy":"category","embeddable":true,"href":"https:\/\/tvsensor.com\/api\/wp\/v2\/categories?post=22285"},{"taxonomy":"post_tag","embeddable":true,"href":"https:\/\/tvsensor.com\/api\/wp\/v2\/tags?post=22285"}],"curies":[{"name":"wp","href":"https:\/\/api.w.org\/{rel}","templated":true}]}}