{"id":22281,"date":"2021-01-12T10:25:19","date_gmt":"2021-01-12T09:25:19","guid":{"rendered":"https:\/\/senzor.ba\/?p=22281"},"modified":"2024-01-15T21:40:52","modified_gmt":"2024-01-15T20:40:52","slug":"pred-delegatima-doma-naroda-psbih-obiman-dnevni-red","status":"publish","type":"post","link":"https:\/\/tvsensor.com\/clanak\/pred-delegatima-doma-naroda-psbih-obiman-dnevni-red\/","title":{"rendered":"Pred delegatima Doma naroda PSBiH obiman dnevni red"},"content":{"rendered":"\n<p>Sjednica Doma naroda Parlamentarne skup\u0161tine Bosne i Hercegovine bit \u0107e odr\u017eana danas, a na dnevnom redu je, pored ostalog, Prijedlog zakona o privremenim mjerama u radu pravosudnih i drugih organa BiH za vrijeme stanja prirodne ili druge nesre\u0107e na teritoriji BiH.<\/p>\n\n\n\n<p>Pred delegatima je i Prijedlog izvje\u0161taja o realizaciji Strate\u0161kog plana ruralnog razvoja BiH za period od 2018. do 2021. godine.<\/p>\n\n\n\n<p>Delegati \u0107e razmatrati i 74 izvje\u0161taja Ureda za reviziju institucija BiH o finansijskoj reviziji institucija BiH za 2019. godinu, kao i Godi\u0161nji revizorski izvje\u0161taj o glavnim nalazima i preporukama za 2019. godinu.<\/p>\n\n\n\n<p>Izvje\u0161taj o namjenskom utro\u0161ku grant sredstava u oblasti nauke i kulture za 2018. godinu tako\u0111er \u0107e biti na dnevnom redu Doma naroda.<\/p>\n\n\n\n<p>Predvi\u0111eno je i razmatranje nekoliko delegatskih inicijativa me\u0111u kojima je i inicijativa Denisa Be\u0107irovi\u0107a kojom se zadu\u017euje Vije\u0107e ministara BiH da dostavi cjelovitu analizu o uspostavljenim paralelnim vezama Republike Srbije i bosanskohercegova\u010dkog entiteta RS.<\/p>\n\n\n\n<p>Tako\u0111er i inicijativa Denisa Be\u0107irovi\u0107a kojom Dom naroda Parlamentarne skup\u0161tine BiH zadu\u017euje Vije\u0107e ministara BiH da u roku od \u0161est mjeseci od dana usvajanja ove inicijative, pripremi i u parlamentarnu proceduru uputi strategiju prevencije genocida u Bosni i Hercegovini.<\/p>\n\n\n\n<p>Delegati bi trebali dati i saglasnost na ratifikaciju nekoliko me\u0111unarodnih sporazuma i ugovora, najavljeno je iz Doma naroda.<\/p>\n\n\n\n<p>Fena<\/p>\n","protected":false},"excerpt":{"rendered":"<p>Sjednica Doma naroda Parlamentarne skup\u0161tine Bosne i Hercegovine bit \u0107e odr\u017eana danas, a na dnevnom redu je, pored ostalog, Prijedlog zakona o privremenim mjerama u radu pravosudnih i drugih organa BiH za vrijeme stanja prirodne ili druge nesre\u0107e na teritoriji BiH. Pred delegatima je i Prijedlog izvje\u0161taja o realizaciji Strate\u0161kog plana ruralnog razvoja BiH za [&hellip;]<\/p>\n","protected":false},"author":7,"featured_media":22282,"comment_status":"closed","ping_status":"closed","sticky":false,"template":"","format":"standard","meta":{"inline_featured_image":false,"footnotes":""},"categories":[234,37,38],"tags":[],"class_list":{"0":"post-22281","1":"post","2":"type-post","3":"status-publish","4":"format-standard","5":"has-post-thumbnail","7":"category-politika","8":"category-vijesti","9":"category-vijesti-iz-bih"},"acf":[],"_links":{"self":[{"href":"https:\/\/tvsensor.com\/api\/wp\/v2\/posts\/22281","targetHints":{"allow":["GET"]}}],"collection":[{"href":"https:\/\/tvsensor.com\/api\/wp\/v2\/posts"}],"about":[{"href":"https:\/\/tvsensor.com\/api\/wp\/v2\/types\/post"}],"author":[{"embeddable":true,"href":"https:\/\/tvsensor.com\/api\/wp\/v2\/users\/7"}],"replies":[{"embeddable":true,"href":"https:\/\/tvsensor.com\/api\/wp\/v2\/comments?post=22281"}],"version-history":[{"count":3,"href":"https:\/\/tvsensor.com\/api\/wp\/v2\/posts\/22281\/revisions"}],"predecessor-version":[{"id":22480,"href":"https:\/\/tvsensor.com\/api\/wp\/v2\/posts\/22281\/revisions\/22480"}],"wp:featuredmedia":[{"embeddable":true,"href":"https:\/\/tvsensor.com\/api\/wp\/v2\/media\/22282"}],"wp:attachment":[{"href":"https:\/\/tvsensor.com\/api\/wp\/v2\/media?parent=22281"}],"wp:term":[{"taxonomy":"category","embeddable":true,"href":"https:\/\/tvsensor.com\/api\/wp\/v2\/categories?post=22281"},{"taxonomy":"post_tag","embeddable":true,"href":"https:\/\/tvsensor.com\/api\/wp\/v2\/tags?post=22281"}],"curies":[{"name":"wp","href":"https:\/\/api.w.org\/{rel}","templated":true}]}}