{"id":22276,"date":"2021-01-12T06:49:23","date_gmt":"2021-01-12T05:49:23","guid":{"rendered":"https:\/\/senzor.ba\/?p=22276"},"modified":"2024-01-15T21:40:53","modified_gmt":"2024-01-15T20:40:53","slug":"drzavni-poslanici-podrzali-uvodjenje-instituta-mirovanja-mandata","status":"publish","type":"post","link":"https:\/\/tvsensor.com\/clanak\/drzavni-poslanici-podrzali-uvodjenje-instituta-mirovanja-mandata\/","title":{"rendered":"Dr\u017eavni poslanici podr\u017eali uvo\u0111enje &#8220;instituta mirovanja mandata&#8221;"},"content":{"rendered":"\n<p>Poslanici Predstavni\u010dkog doma Parlamentarne skup\u0161tine Bosne i Hercegovine podr\u017eali su na sjednici izmjene Izbornog zakona, kojima je predvi\u0111eno uvo\u0111enje takozvanog &#8220;instituta mirovanja mandata&#8221;.<\/p>\n\n\n\n<p>Tim institutom daje se mogu\u0107nost da izabrani \u010dlan u zakonodavnom organu vlasti na svim nivoima vlasti u BiH za vrijeme trajanja mandata mo\u017ee prihvatiti vr\u0161enje izvr\u0161ne funkcije, s tim da \u0107e za to vrijeme njegov mandat poslanika biti u mirovanju, dok se za vrijeme mirovanja njegov mandat dodjeljuje sljede\u0107em kandidatu sa iste liste s koje je osoba \u010diji je mandat umirovljen &#8211; izabran.<\/p>\n\n\n\n<p>Poslanici nisu prihvatili drugo negativno mi\u0161ljenje Ustavnopravne komisije na amandmane na Ustav Bosne i Hercegovine koji predvi\u0111aju, izme\u0111u ostaloga da se biraju predsjednik i dva potpredsjednika BiH, kao i da na \u010delo izvr\u0161ne vlasti bude biran premijer.<\/p>\n\n\n\n<p>Nakon \u0161to Kolegij nije postigao saglasnost o dopunama dva zakona i to o pla\u0107ama i naknadama i o radu u bh. po hitnom postupku u drugom krugu glasanja danas je usvojen hitni postupak, ali i izmjene tih zakonskih rje\u0161enja kojima se ukida pravo izabranim i imenovanim du\u017enosnicima na jubilarnu nagradu \u0161to je prijedlog SDP-ovog poslanika Sa\u0161e Magazinovi\u0107a.<\/p>\n\n\n\n<p><strong>Razmatranje izmjena Zakona o strancima po hitnom postupku<\/strong><\/p>\n\n\n\n<p>Tako\u0111er, nakon \u0161to Kolegij nije postigao saglasnost o zahtjevu poslanika Denisa Zvizdi\u0107a (SDA) za razmatranje izmjena Zakona o strancima po hitnom postupku u drugom krugu glasanja poslanici su danas prihvatili i hitni postupak i predlo\u017eene izmjene kojima se nastoji onemogu\u0107iti izvr\u0161avanje krivi\u010dnih djela migrantima koji borave u BiH.<\/p>\n\n\n\n<p>Usvojen je i zaklju\u010dak kojim se od Doma naroda PSBiH tra\u017ei da ovaj zakon razmatra po hitnom zakonodavnom postupku, kao i zaklju\u010dak kojim Predstavni\u010dki dom tra\u017ei od Ministarstva sigurnosti pro\u0161iri kapcitet Imigracionog centra u koji bi bili smje\u0161teni stranci kojima je odre\u0111ena mjera za stavljanja pod nadzor od nadle\u017enih organa, a ukoliko su za to potrebna dodatna finansijska sredstva, Vije\u0107e ministara je zadu\u017eeno da ih osigura iz bud\u017eetske rezerve.&nbsp;<\/p>\n\n\n\n<p><strong>Spre\u010davanje sukoba interesa u institucijama vlasti Bosne i Hercegovine&nbsp;<\/strong><\/p>\n\n\n\n<p>Po istoj proceduri u drugom \u010ditanju i u drugom krugu glasanja usvojen je Prijedlog zakona o spre\u010davanju sukoba interesa u institucijama vlasti Bosne i Hercegovine koji su predlo\u017eili Sa\u0161a Magazinovi\u0107 (SDP), Damir Arnaut (Na\u0161a stranka) i Jasmin Emri\u0107 (A-SDA).<\/p>\n\n\n\n<p>Kako su obrazlo\u017eili, tim zakonom se usagla\u0161ava zakonodavstvo BiH s me\u0111unarodnim standardima imaju\u0107i u vidu obaveze BiH na njenom putu ka Evropskoj uniji. Zakonom se uspostavlja nezavisno, profesionalno tijelo za provo\u0111enje Zakona odnosno Komisije za odlu\u010divanje o sukobu interesa.<\/p>\n\n\n\n<p>Zakonom se, izme\u0111u ostaloga, detaljnije definira i pro\u0161iruje krug osoba na koje se on primjenjuje, uvode se jasna i jedinstvena pravila koja ograni\u010davaju vr\u0161enje vi\u0161e funkcija te jasna pravila u obavljanju funkcija, anga\u017eman i poslovanja nosioca javnih funkcija.<\/p>\n\n\n\n<p><strong>Kori\u0161tenje i raspolaganje neperspektivnom nepokretnom vojnom imovinom<\/strong><\/p>\n\n\n\n<p>Tako\u0111er u drugom krugu glasanja usvojena je i inicijativa Denisa Zvizdi\u0107a (SDA) kojom je zadu\u017eeno Vije\u0107e ministara BiH da u roku od 30 dana pripremi i u parlamentarnu proceduru uputi Prijedlog zakona o na\u010dinu kori\u0161tenja i raspolaganja neperspektivnom nepokretnom vojnom imovinom.<\/p>\n\n\n\n<p>Prijedlog je da se ta imovina, u slu\u010daju da se ocijeni da nije potrebna za obavljanje Ustavom, me\u0111unarodnim ugovorom i zakonom utvr\u0111enih nadle\u017enosti institucija Bosne i Hercegovine, dodijeli na kori\u0161tenje i raspolaganje jedinici lokalne samouprave na \u010dijoj teritoriji se imovina nalazi.<\/p>\n\n\n\n<p>To bi se uradilo isklju\u010divo s ciljem za\u0161tite te imovine od daljnjeg propadanja i uru\u0161avanja, njene obnove i rekonstrukcije ili privo\u0111enja lokaliteta kona\u010dnoj namjeni u skladu s prostorno-planskom dokumentacijom jedinice lokalne samouprave na \u010dijoj teritoriji se imovina nalazi, odnosno stavljanja ove imovine u funkciju razvoja lokalnih zajednica.<\/p>\n\n\n\n<p><strong>Ponovili su da Unsko-sanski kanton trpi najve\u0107e \u0161tete u migrantskoj krizi<\/strong><\/p>\n\n\n\n<p>Prihva\u0107en je Izvje\u0161taj o pregledanom stanju finansijskog poslovanja politi\u010dkih stranaka u 2018. godini, ali se poslanici nisu izja\u0161njavali o Informaciji Centralne izborne komisije BiH o poku\u0161ajima izbornih prevara putem glasanja po\u0161tom izvan BiH jer, kako je kazala predsjedavaju\u0107a Doma Borjana Kri\u0161to (HDZ), poslanici imali materijal niti zaklju\u010dke o kojima bi se izja\u0161njavali.<\/p>\n\n\n\n<p>K znanju nije primljena Informacija o stanju u oblasti migracija u Bosni i Hercegovini za august 2020. godine jer nije bilo dovoljno entitetske ve\u0107ine iz Republike Srpske, a u okviru rasprave o toj informaciji poslanici su ponovili da Unsko-sanski kanton trpi najve\u0107e \u0161tete u migrantskoj krizi, pozivaju\u0107i da se teret tog problema jednako rasporedi u cijeloj BiH.<\/p>\n\n\n\n<p>Razmatrano je i nekoliko inicijativa dopredsjedavaju\u0107eg Doma Denisa Zvizdi\u0107a (SDA) kojima bi se ispunile obaveze iz Mi\u0161ljenja Evropske komisije o zahtjevu BiH za \u010dlanstvo u Evropskoj uniji, ali one nisu imale dovoljno poslani\u010dke pod\u0161ke te su upu\u0107ene Kolegiju na naknadno usagla\u0161avanje.<\/p>\n\n\n\n<p>Fena<\/p>\n","protected":false},"excerpt":{"rendered":"<p>Poslanici Predstavni\u010dkog doma Parlamentarne skup\u0161tine Bosne i Hercegovine podr\u017eali su na sjednici izmjene Izbornog zakona, kojima je predvi\u0111eno uvo\u0111enje takozvanog &#8220;instituta mirovanja mandata&#8221;. Tim institutom daje se mogu\u0107nost da izabrani \u010dlan u zakonodavnom organu vlasti na svim nivoima vlasti u BiH za vrijeme trajanja mandata mo\u017ee prihvatiti vr\u0161enje izvr\u0161ne funkcije, s tim da \u0107e za [&hellip;]<\/p>\n","protected":false},"author":7,"featured_media":22277,"comment_status":"closed","ping_status":"closed","sticky":false,"template":"","format":"standard","meta":{"inline_featured_image":false,"footnotes":""},"categories":[37,38],"tags":[],"class_list":{"0":"post-22276","1":"post","2":"type-post","3":"status-publish","4":"format-standard","5":"has-post-thumbnail","7":"category-vijesti","8":"category-vijesti-iz-bih"},"acf":[],"_links":{"self":[{"href":"https:\/\/tvsensor.com\/api\/wp\/v2\/posts\/22276","targetHints":{"allow":["GET"]}}],"collection":[{"href":"https:\/\/tvsensor.com\/api\/wp\/v2\/posts"}],"about":[{"href":"https:\/\/tvsensor.com\/api\/wp\/v2\/types\/post"}],"author":[{"embeddable":true,"href":"https:\/\/tvsensor.com\/api\/wp\/v2\/users\/7"}],"replies":[{"embeddable":true,"href":"https:\/\/tvsensor.com\/api\/wp\/v2\/comments?post=22276"}],"version-history":[{"count":4,"href":"https:\/\/tvsensor.com\/api\/wp\/v2\/posts\/22276\/revisions"}],"predecessor-version":[{"id":22481,"href":"https:\/\/tvsensor.com\/api\/wp\/v2\/posts\/22276\/revisions\/22481"}],"wp:featuredmedia":[{"embeddable":true,"href":"https:\/\/tvsensor.com\/api\/wp\/v2\/media\/22277"}],"wp:attachment":[{"href":"https:\/\/tvsensor.com\/api\/wp\/v2\/media?parent=22276"}],"wp:term":[{"taxonomy":"category","embeddable":true,"href":"https:\/\/tvsensor.com\/api\/wp\/v2\/categories?post=22276"},{"taxonomy":"post_tag","embeddable":true,"href":"https:\/\/tvsensor.com\/api\/wp\/v2\/tags?post=22276"}],"curies":[{"name":"wp","href":"https:\/\/api.w.org\/{rel}","templated":true}]}}