{"id":22270,"date":"2021-01-11T18:43:20","date_gmt":"2021-01-11T17:43:20","guid":{"rendered":"https:\/\/senzor.ba\/?p=22270"},"modified":"2024-01-15T21:40:53","modified_gmt":"2024-01-15T20:40:53","slug":"za-ulaz-u-bih-vise-nije-potreban-zeleni-karton","status":"publish","type":"post","link":"https:\/\/tvsensor.com\/clanak\/za-ulaz-u-bih-vise-nije-potreban-zeleni-karton\/","title":{"rendered":"Za ulaz u BiH vi\u0161e nije potreban \u201czeleni karton\u201d"},"content":{"rendered":"\n<p>Za mnoge dr\u017eave evropskih zemalja od 19. oktobra 2020. godine vi\u0161e nije potreban \u201czeleni karton\u201d me\u0111unarodnog osiguranja za ulazak u Bosnu i Hercegovinu.<\/p>\n\n\n\n<p>To je omogu\u0107eno potpisivanjem sporazuma kojim je BiH postala \u010dlanica \u201ePodsistema registarske oznake\u201c u 33 zemlje-\u010dlanice EU, kao i \u0160vicarske, Lihten\u0161tajna, Andore, Islanda, Norve\u0161ke i Srbije.<\/p>\n\n\n\n<p>Vlasnici motornih vozila registrovanih u Bosni i Hercegovini prilikom putovanja u te zemlje tako\u0111e vi\u0161e ne\u0107e morati da posjeduju \u201ezeleni karton\u201c.<\/p>\n\n\n\n<p>\u201e<em><strong>Nakon vi\u0161egodi\u0161njih priprema i rada na uspostavljanju i ispunjavanju kriterijuma i odredjenih standarda prema evropskoj zajednici osigurava\u010da u Briselu, Biro zelene karte u Bosni i Hercegovini je potpisao Multilateralni garantni sporazum kojim je Bosna i Hercegovina postala \u010dlanica tzv. Podsistema registarske oznake<\/strong><\/em>\u201c, saop\u0107ila je organizacije \u201eBiro \u2018zelene karte\u2019 BiH\u201c.<\/p>\n\n\n\n<p>BiH dugo nije mogla da bude primljena u \u201ePodsistem registarske oznake\u201c jer je udjeo neregistrovanih vozila na njenim saobra\u0107ajnicama prelazio 5 %.<br><br>izvor: gpmaljevac.net<\/p>\n","protected":false},"excerpt":{"rendered":"<p>Za mnoge dr\u017eave evropskih zemalja od 19. oktobra 2020. godine vi\u0161e nije potreban \u201czeleni karton\u201d me\u0111unarodnog osiguranja za ulazak u Bosnu i Hercegovinu. To je omogu\u0107eno potpisivanjem sporazuma kojim je BiH postala \u010dlanica \u201ePodsistema registarske oznake\u201c u 33 zemlje-\u010dlanice EU, kao i \u0160vicarske, Lihten\u0161tajna, Andore, Islanda, Norve\u0161ke i Srbije. Vlasnici motornih vozila registrovanih u Bosni [&hellip;]<\/p>\n","protected":false},"author":59,"featured_media":22271,"comment_status":"closed","ping_status":"closed","sticky":false,"template":"","format":"standard","meta":{"inline_featured_image":false,"footnotes":""},"categories":[43,37,38],"tags":[],"class_list":{"0":"post-22270","1":"post","2":"type-post","3":"status-publish","4":"format-standard","5":"has-post-thumbnail","7":"category-bih","8":"category-vijesti","9":"category-vijesti-iz-bih"},"acf":[],"_links":{"self":[{"href":"https:\/\/tvsensor.com\/api\/wp\/v2\/posts\/22270","targetHints":{"allow":["GET"]}}],"collection":[{"href":"https:\/\/tvsensor.com\/api\/wp\/v2\/posts"}],"about":[{"href":"https:\/\/tvsensor.com\/api\/wp\/v2\/types\/post"}],"author":[{"embeddable":true,"href":"https:\/\/tvsensor.com\/api\/wp\/v2\/users\/59"}],"replies":[{"embeddable":true,"href":"https:\/\/tvsensor.com\/api\/wp\/v2\/comments?post=22270"}],"version-history":[{"count":2,"href":"https:\/\/tvsensor.com\/api\/wp\/v2\/posts\/22270\/revisions"}],"predecessor-version":[{"id":22273,"href":"https:\/\/tvsensor.com\/api\/wp\/v2\/posts\/22270\/revisions\/22273"}],"wp:featuredmedia":[{"embeddable":true,"href":"https:\/\/tvsensor.com\/api\/wp\/v2\/media\/22271"}],"wp:attachment":[{"href":"https:\/\/tvsensor.com\/api\/wp\/v2\/media?parent=22270"}],"wp:term":[{"taxonomy":"category","embeddable":true,"href":"https:\/\/tvsensor.com\/api\/wp\/v2\/categories?post=22270"},{"taxonomy":"post_tag","embeddable":true,"href":"https:\/\/tvsensor.com\/api\/wp\/v2\/tags?post=22270"}],"curies":[{"name":"wp","href":"https:\/\/api.w.org\/{rel}","templated":true}]}}