{"id":22266,"date":"2021-01-11T13:42:53","date_gmt":"2021-01-11T12:42:53","guid":{"rendered":"https:\/\/senzor.ba\/?p=22266"},"modified":"2024-01-15T21:40:53","modified_gmt":"2024-01-15T20:40:53","slug":"sda-nece-podrzati-smjenu-vijeca-ministara-bih","status":"publish","type":"post","link":"https:\/\/tvsensor.com\/clanak\/sda-nece-podrzati-smjenu-vijeca-ministara-bih\/","title":{"rendered":"SDA ne\u0107e podr\u017eati smjenu Vije\u0107a ministara BiH"},"content":{"rendered":"\n<p><strong>Poslanici u Predstavni\u010dkom domu Parlamentarne skup\u0161tine Bosne i Hercegovine, koji ne \u010dine vlast na dr\u017eavnom nivou, podnijeli su zahtjev za iniciranje glasanja o rekonstrukciji Vije\u0107a ministara, nagla\u0161avaju\u0107i da je u pitanju najneproduktivniji saziv, o \u010demu bi se poslanici trebali izjasniti na sjednici koja je po\u010dela u Sarajevu.<\/strong><\/p>\n\n\n\n<p>Stranka demokratske aktivnosti (SDA) ne\u0107e podr\u017eati smjenu Vije\u0107a ministara Bosne i Hercegovine jer je u pitanju populisti\u010dka inicijativa koja nema za cilj da rije\u0161i probleme u dr\u017eavi, ve\u0107 da ih produbi i dovede do potpune blokade dr\u017eave.<\/p>\n\n\n\n<p>Kako navode u saop\u0107enju, SDA nije zadovoljna radom predsjedavaju\u0107eg Vije\u0107a ministara Zorana Tegeltije, te \u0107e ga nastaviti kritizirati i vr\u0161iti pritisak kako bi po\u010deo ispunjavati svoje obaveze, ali isto tako smatraju da je u ovom delikatnom politi\u010dkom trenutku za Bosnu i Hercegovinu bolje da ima kakvo-takvo Vije\u0107e ministara, nego da ga nema nikako.<\/p>\n\n\n\n<p>\u201cCilj opozicije, koja o\u010digledno ne razmi\u0161lja o gra\u0111anima ve\u0107 o idu\u0107im izborima, jeste da naprave haoti\u010dno politi\u010dko stanje i blokadu dr\u017eave koja bi trajala idu\u0107e dvije godine, nadaju\u0107i se da bi to onda mogli iskoristiti kao argument na sljede\u0107im izborima\u201d, stava su u SDA.<\/p>\n\n\n\n<p>Dodaju da oni koji na \u010delu sa SDP-om podnose ovu inicijativu, na po\u010detku mandata su pozvani da budu dio ve\u0107ine i preuzmu odgovornost kroz u\u010de\u0161\u0107e u Vije\u0107u ministara, ali oni su to izbjegli i sada, ka\u017eu u SDA, nemaju pravo nikome da dr\u017ee lekcije.<\/p>\n\n\n\n<p>Nagla\u0161avaju da u svakoj ozbiljnoj predstavni\u010dkoj demokratiji, zastupnici prije nego \u0161to upute neku inicijativu, izrade preciznu analizu svih potencijalnih benefita, ali i rizika i na bazi takve predikcije tra\u017ee podr\u0161ku za njeno izglasavanje.<\/p>\n\n\n\n<p>\u201cU trenutnom sazivu parlamenta BiH pojedinci iz opozicije neprestano upu\u0107uju populisti\u010dke inicijative za koje znaju da ne\u0107e pro\u0107i, a vode\u0107i se svojim li\u010dnim i strana\u010dkim ciljevima, ne mare\u0107i za dr\u017eavu i gra\u0111ane\u201d, zaklju\u010duju iz SDA.<\/p>\n\n\n\n<p>Fena<\/p>\n","protected":false},"excerpt":{"rendered":"<p>Poslanici u Predstavni\u010dkom domu Parlamentarne skup\u0161tine Bosne i Hercegovine, koji ne \u010dine vlast na dr\u017eavnom nivou, podnijeli su zahtjev za iniciranje glasanja o rekonstrukciji Vije\u0107a ministara, nagla\u0161avaju\u0107i da je u pitanju najneproduktivniji saziv, o \u010demu bi se poslanici trebali izjasniti na sjednici koja je po\u010dela u Sarajevu. Stranka demokratske aktivnosti (SDA) ne\u0107e podr\u017eati smjenu Vije\u0107a [&hellip;]<\/p>\n","protected":false},"author":7,"featured_media":22267,"comment_status":"closed","ping_status":"closed","sticky":false,"template":"","format":"standard","meta":{"inline_featured_image":false,"footnotes":""},"categories":[234,37,38],"tags":[],"class_list":{"0":"post-22266","1":"post","2":"type-post","3":"status-publish","4":"format-standard","5":"has-post-thumbnail","7":"category-politika","8":"category-vijesti","9":"category-vijesti-iz-bih"},"acf":[],"_links":{"self":[{"href":"https:\/\/tvsensor.com\/api\/wp\/v2\/posts\/22266","targetHints":{"allow":["GET"]}}],"collection":[{"href":"https:\/\/tvsensor.com\/api\/wp\/v2\/posts"}],"about":[{"href":"https:\/\/tvsensor.com\/api\/wp\/v2\/types\/post"}],"author":[{"embeddable":true,"href":"https:\/\/tvsensor.com\/api\/wp\/v2\/users\/7"}],"replies":[{"embeddable":true,"href":"https:\/\/tvsensor.com\/api\/wp\/v2\/comments?post=22266"}],"version-history":[{"count":3,"href":"https:\/\/tvsensor.com\/api\/wp\/v2\/posts\/22266\/revisions"}],"predecessor-version":[{"id":22482,"href":"https:\/\/tvsensor.com\/api\/wp\/v2\/posts\/22266\/revisions\/22482"}],"wp:featuredmedia":[{"embeddable":true,"href":"https:\/\/tvsensor.com\/api\/wp\/v2\/media\/22267"}],"wp:attachment":[{"href":"https:\/\/tvsensor.com\/api\/wp\/v2\/media?parent=22266"}],"wp:term":[{"taxonomy":"category","embeddable":true,"href":"https:\/\/tvsensor.com\/api\/wp\/v2\/categories?post=22266"},{"taxonomy":"post_tag","embeddable":true,"href":"https:\/\/tvsensor.com\/api\/wp\/v2\/tags?post=22266"}],"curies":[{"name":"wp","href":"https:\/\/api.w.org\/{rel}","templated":true}]}}