{"id":22262,"date":"2021-01-11T13:38:31","date_gmt":"2021-01-11T12:38:31","guid":{"rendered":"https:\/\/senzor.ba\/?p=22262"},"modified":"2024-01-15T21:40:53","modified_gmt":"2024-01-15T20:40:53","slug":"joe-biden-nominovao-williama-burnsa-za-direktora-cia-e","status":"publish","type":"post","link":"https:\/\/tvsensor.com\/clanak\/joe-biden-nominovao-williama-burnsa-za-direktora-cia-e\/","title":{"rendered":"Joe Biden nominovao Williama Burnsa za direktora CIA-e"},"content":{"rendered":"\n<p><strong>Novoizabrani ameri\u010dki predsjednik Joe Biden u ponedjeljak je najavio biv\u0161eg zamjenika dr\u017eavnog sekretara Williama Burnsa za svog kandidata za direktora CIA-e.<\/strong><\/p>\n\n\n\n<p>\u201cBurns je uzoran diplomata s vi\u0161edecenijskim iskustvom na svjetskoj sceni \u010duvaju\u0107i na\u0161e ljude i na\u0161u zemlju sigurnim. Dijelim moje duboko uvjerenje da obavje\u0161tajna slu\u017eba mora biti apoliti\u010dna i da posve\u0107eni obavje\u0161tajni profesionalci koji slu\u017ee na\u0161oj naciji zaslu\u017euju na\u0161u zahvalnost i po\u0161tovanje\u201d, rekao je Biden.<\/p>\n\n\n\n<p>Kako je kazao, Burns \u0107e donijeti znanje i perspektivu koje su im potrebne kako bi sprije\u010dili i suo\u010dili se s prijetnjama prije nego \u0161to do\u0111u do njih.<\/p>\n\n\n\n<p>\u201cAmeri\u010dki narod \u0107e \u010dvrsto spavati s njim kao s na\u0161im sljede\u0107im direktorom CIA-e\u201d, kazao je Biden.<\/p>\n\n\n\n<p>Dilopmata Burns, slu\u017eio je u ameri\u010dkoj slu\u017ebi za vanjske poslove 33 godine, kao i na brojnim funkcijama nacionalne sigurnosti u pet demokratskih i republikanskih administracija.<\/p>\n\n\n\n<p>N1<\/p>\n","protected":false},"excerpt":{"rendered":"<p>Novoizabrani ameri\u010dki predsjednik Joe Biden u ponedjeljak je najavio biv\u0161eg zamjenika dr\u017eavnog sekretara Williama Burnsa za svog kandidata za direktora CIA-e. \u201cBurns je uzoran diplomata s vi\u0161edecenijskim iskustvom na svjetskoj sceni \u010duvaju\u0107i na\u0161e ljude i na\u0161u zemlju sigurnim. Dijelim moje duboko uvjerenje da obavje\u0161tajna slu\u017eba mora biti apoliti\u010dna i da posve\u0107eni obavje\u0161tajni profesionalci koji slu\u017ee [&hellip;]<\/p>\n","protected":false},"author":7,"featured_media":22263,"comment_status":"closed","ping_status":"closed","sticky":false,"template":"","format":"standard","meta":{"inline_featured_image":false,"footnotes":""},"categories":[41,37],"tags":[],"class_list":{"0":"post-22262","1":"post","2":"type-post","3":"status-publish","4":"format-standard","5":"has-post-thumbnail","7":"category-svijet","8":"category-vijesti"},"acf":[],"_links":{"self":[{"href":"https:\/\/tvsensor.com\/api\/wp\/v2\/posts\/22262","targetHints":{"allow":["GET"]}}],"collection":[{"href":"https:\/\/tvsensor.com\/api\/wp\/v2\/posts"}],"about":[{"href":"https:\/\/tvsensor.com\/api\/wp\/v2\/types\/post"}],"author":[{"embeddable":true,"href":"https:\/\/tvsensor.com\/api\/wp\/v2\/users\/7"}],"replies":[{"embeddable":true,"href":"https:\/\/tvsensor.com\/api\/wp\/v2\/comments?post=22262"}],"version-history":[{"count":3,"href":"https:\/\/tvsensor.com\/api\/wp\/v2\/posts\/22262\/revisions"}],"predecessor-version":[{"id":22483,"href":"https:\/\/tvsensor.com\/api\/wp\/v2\/posts\/22262\/revisions\/22483"}],"wp:featuredmedia":[{"embeddable":true,"href":"https:\/\/tvsensor.com\/api\/wp\/v2\/media\/22263"}],"wp:attachment":[{"href":"https:\/\/tvsensor.com\/api\/wp\/v2\/media?parent=22262"}],"wp:term":[{"taxonomy":"category","embeddable":true,"href":"https:\/\/tvsensor.com\/api\/wp\/v2\/categories?post=22262"},{"taxonomy":"post_tag","embeddable":true,"href":"https:\/\/tvsensor.com\/api\/wp\/v2\/tags?post=22262"}],"curies":[{"name":"wp","href":"https:\/\/api.w.org\/{rel}","templated":true}]}}