{"id":22258,"date":"2021-01-10T20:25:19","date_gmt":"2021-01-10T19:25:19","guid":{"rendered":"https:\/\/senzor.ba\/?p=22258"},"modified":"2024-01-15T21:40:53","modified_gmt":"2024-01-15T20:40:53","slug":"vucic-i-krivokapic-pokazali-da-ne-postuju-bosnu-i-hercegovinu","status":"publish","type":"post","link":"https:\/\/tvsensor.com\/clanak\/vucic-i-krivokapic-pokazali-da-ne-postuju-bosnu-i-hercegovinu\/","title":{"rendered":"Vu\u010di\u0107 i Krivokapi\u0107 pokazali da ne po\u0161tuju Bosnu i Hercegovinu"},"content":{"rendered":"\n<p>\u010cestitke koje su povodom neustavnog dana bh. entiteta tzv. rs uputili predsjednik Srbije Aleksandar Vu\u010di\u0107 i premijer Crne Gore Zdravko Krivokapi\u0107, ne po\u0161tuju\u0107i odluke Ustavnog suda Bosne i Hercegovine, odraz su nepo\u0161tovanja prema dr\u017eavi Bosni i Hercegovini i direktan atak na njen suverenitet, izjavio je \u010dlan Predsjedni\u0161tva BiH \u0160efik D\u017eaferovi\u0107.<\/p>\n\n\n\n<p>Poruke te vrste, koje nam sti\u017eu iz susjedstva, vrlo dobro razumijemo i znat \u0107emo se prema njima odnositi. Uvjeren sam da ove poruke usmjerene protiv Bosne i Hercegovine prate i razumiju i u Briselu i Va\u0161ingtonu.<\/p>\n\n\n\n<p>Posebno je razo\u010daravaju\u0107e da se premijer Crne Gore, i to nakon \u0161to su se institucije ove na\u0161e susjedne zemlje jasno i nedvosmisleno odredile o genocidu u Srebrenici i doga\u0111ajima iz perioda agresije na Bosnu i Hercegovinu, priklju\u010dio podr\u0161ci koju zvani\u010dni Beograd pru\u017ea politici koja slavi velikosrpsku ideologiju i zla koja je ona proizvela.<\/p>\n\n\n\n<p>Od predsjednika Mile \u0110ukanovi\u0107a o\u010dekujem da se u ime Crne Gore o\u010dituje o postupku premijera Krivokapi\u0107a, poru\u010duje D\u017eaferovi\u0107 u svojoj izjavi.<\/p>\n\n\n\n<p>Fena<\/p>\n","protected":false},"excerpt":{"rendered":"<p>\u010cestitke koje su povodom neustavnog dana bh. entiteta tzv. rs uputili predsjednik Srbije Aleksandar Vu\u010di\u0107 i premijer Crne Gore Zdravko Krivokapi\u0107, ne po\u0161tuju\u0107i odluke Ustavnog suda Bosne i Hercegovine, odraz su nepo\u0161tovanja prema dr\u017eavi Bosni i Hercegovini i direktan atak na njen suverenitet, izjavio je \u010dlan Predsjedni\u0161tva BiH \u0160efik D\u017eaferovi\u0107. Poruke te vrste, koje nam [&hellip;]<\/p>\n","protected":false},"author":7,"featured_media":22259,"comment_status":"closed","ping_status":"closed","sticky":false,"template":"","format":"standard","meta":{"inline_featured_image":false,"footnotes":""},"categories":[37,38],"tags":[],"class_list":{"0":"post-22258","1":"post","2":"type-post","3":"status-publish","4":"format-standard","5":"has-post-thumbnail","7":"category-vijesti","8":"category-vijesti-iz-bih"},"acf":[],"_links":{"self":[{"href":"https:\/\/tvsensor.com\/api\/wp\/v2\/posts\/22258","targetHints":{"allow":["GET"]}}],"collection":[{"href":"https:\/\/tvsensor.com\/api\/wp\/v2\/posts"}],"about":[{"href":"https:\/\/tvsensor.com\/api\/wp\/v2\/types\/post"}],"author":[{"embeddable":true,"href":"https:\/\/tvsensor.com\/api\/wp\/v2\/users\/7"}],"replies":[{"embeddable":true,"href":"https:\/\/tvsensor.com\/api\/wp\/v2\/comments?post=22258"}],"version-history":[{"count":3,"href":"https:\/\/tvsensor.com\/api\/wp\/v2\/posts\/22258\/revisions"}],"predecessor-version":[{"id":22484,"href":"https:\/\/tvsensor.com\/api\/wp\/v2\/posts\/22258\/revisions\/22484"}],"wp:featuredmedia":[{"embeddable":true,"href":"https:\/\/tvsensor.com\/api\/wp\/v2\/media\/22259"}],"wp:attachment":[{"href":"https:\/\/tvsensor.com\/api\/wp\/v2\/media?parent=22258"}],"wp:term":[{"taxonomy":"category","embeddable":true,"href":"https:\/\/tvsensor.com\/api\/wp\/v2\/categories?post=22258"},{"taxonomy":"post_tag","embeddable":true,"href":"https:\/\/tvsensor.com\/api\/wp\/v2\/tags?post=22258"}],"curies":[{"name":"wp","href":"https:\/\/api.w.org\/{rel}","templated":true}]}}