{"id":22249,"date":"2021-01-09T09:19:03","date_gmt":"2021-01-09T08:19:03","guid":{"rendered":"https:\/\/senzor.ba\/?p=22249"},"modified":"2024-01-15T21:40:53","modified_gmt":"2024-01-15T20:40:53","slug":"danas-se-u-entitetu-republika-srpska-obiljezava-neustavni-dan-rs-a","status":"publish","type":"post","link":"https:\/\/tvsensor.com\/clanak\/danas-se-u-entitetu-republika-srpska-obiljezava-neustavni-dan-rs-a\/","title":{"rendered":"Danas se u entitetu tzv. republika srpska obilje\u017eava neustavni tog (\u010d)etniteta"},"content":{"rendered":"\n<p><strong>U bh. entitetu Republika Srpska danas se obilje\u017eava 9. januar, kao dan Republike Srpske, kojeg je Ustavni sud Bosne i Hercegovine proglasio neustavnim.<\/strong><\/p>\n\n\n\n<p>Uprkos tome, dana\u0161nji dan bit \u0107e obilje\u017een u gradovima i op\u0107inama ovog entiteta.<\/p>\n\n\n\n<p>Ustavni sud Bosne i Hercegovine u martu 2019. je kao neustavan osporio dana\u0161nji datum.<\/p>\n\n\n\n<p>Potpredsjednik bh. entiteta RS Ramiz Salki\u0107 nekoliko puta je upozorio da je insistiranje vlasti bh. entiteta RS na obilje\u017eavanju 9. januara kao dana entiteta neustavno, nezakonito i nemoralno te u nekoliko navrata pozvao visokog predstavnika u BiH Valentina Inzka da preduzme sankcije protiv organizatora tog obilje\u017eavanja.<\/p>\n\n\n\n<p>N1<\/p>\n","protected":false},"excerpt":{"rendered":"<p>U bh. entitetu Republika Srpska danas se obilje\u017eava 9. januar, kao dan Republike Srpske, kojeg je Ustavni sud Bosne i Hercegovine proglasio neustavnim. Uprkos tome, dana\u0161nji dan bit \u0107e obilje\u017een u gradovima i op\u0107inama ovog entiteta. Ustavni sud Bosne i Hercegovine u martu 2019. je kao neustavan osporio dana\u0161nji datum. Potpredsjednik bh. entiteta RS Ramiz [&hellip;]<\/p>\n","protected":false},"author":7,"featured_media":22250,"comment_status":"closed","ping_status":"closed","sticky":false,"template":"","format":"standard","meta":{"inline_featured_image":false,"footnotes":""},"categories":[37,38],"tags":[],"class_list":{"0":"post-22249","1":"post","2":"type-post","3":"status-publish","4":"format-standard","5":"has-post-thumbnail","7":"category-vijesti","8":"category-vijesti-iz-bih"},"acf":[],"_links":{"self":[{"href":"https:\/\/tvsensor.com\/api\/wp\/v2\/posts\/22249","targetHints":{"allow":["GET"]}}],"collection":[{"href":"https:\/\/tvsensor.com\/api\/wp\/v2\/posts"}],"about":[{"href":"https:\/\/tvsensor.com\/api\/wp\/v2\/types\/post"}],"author":[{"embeddable":true,"href":"https:\/\/tvsensor.com\/api\/wp\/v2\/users\/7"}],"replies":[{"embeddable":true,"href":"https:\/\/tvsensor.com\/api\/wp\/v2\/comments?post=22249"}],"version-history":[{"count":3,"href":"https:\/\/tvsensor.com\/api\/wp\/v2\/posts\/22249\/revisions"}],"predecessor-version":[{"id":22485,"href":"https:\/\/tvsensor.com\/api\/wp\/v2\/posts\/22249\/revisions\/22485"}],"wp:featuredmedia":[{"embeddable":true,"href":"https:\/\/tvsensor.com\/api\/wp\/v2\/media\/22250"}],"wp:attachment":[{"href":"https:\/\/tvsensor.com\/api\/wp\/v2\/media?parent=22249"}],"wp:term":[{"taxonomy":"category","embeddable":true,"href":"https:\/\/tvsensor.com\/api\/wp\/v2\/categories?post=22249"},{"taxonomy":"post_tag","embeddable":true,"href":"https:\/\/tvsensor.com\/api\/wp\/v2\/tags?post=22249"}],"curies":[{"name":"wp","href":"https:\/\/api.w.org\/{rel}","templated":true}]}}