{"id":22240,"date":"2021-01-09T06:20:22","date_gmt":"2021-01-09T05:20:22","guid":{"rendered":"https:\/\/senzor.ba\/?p=22240"},"modified":"2024-01-15T21:40:54","modified_gmt":"2024-01-15T20:40:54","slug":"tanya-domi-biden-ce-sanckionisati-dodika-i-vratiti-bonske-ovlasti-moguce-ukidanje-entiteta","status":"publish","type":"post","link":"https:\/\/tvsensor.com\/clanak\/tanya-domi-biden-ce-sanckionisati-dodika-i-vratiti-bonske-ovlasti-moguce-ukidanje-entiteta\/","title":{"rendered":"Tanya Domi: Biden \u0107e sanckionisati Dodika i vratiti bonske ovlasti! Mogu\u0107e ukidanje entiteta!"},"content":{"rendered":"\n<p>Tanya Domi, profesorica Columbia univerziteta, osoba koja je cijeli \u017eivot posvetila BiH i radila za Zapadni Balkan. Karijera: OSCE, Kapetan US Armije, implementator Dejtonskog sporazuma, istra\u017eiva\u010d genocida, saradnica kongresmena McCloskey i Roberta Frowicka.<\/p>\n\n\n\n<p>Ne zaboravite da je Biden u prvom razgovoru s britanskim premijerom Johnsonom pomenuo BiH, a nije pomenuo Kinu i Rusiju! Dejton je zaostav\u0161tina Amerike i na\u0161a je obaveza da pomognemo BiH! Biden oko sebe ima prave ljude kad je rije\u010d o BiH! Prijetnje BiH ima iznutra, Dodik i pritisci iz Rusije i nekih drugih sila! Biden \u0107e tra\u017eiti da se sankcionira Dodik i da se vrate bonske ovlasti!<\/p>\n","protected":false},"excerpt":{"rendered":"<p>Tanya Domi, profesorica Columbia univerziteta, osoba koja je cijeli \u017eivot posvetila BiH i radila za Zapadni Balkan. Karijera: OSCE, Kapetan US Armije, implementator Dejtonskog sporazuma, istra\u017eiva\u010d genocida, saradnica kongresmena McCloskey i Roberta Frowicka. Ne zaboravite da je Biden u prvom razgovoru s britanskim premijerom Johnsonom pomenuo BiH, a nije pomenuo Kinu i Rusiju! Dejton je [&hellip;]<\/p>\n","protected":false},"author":59,"featured_media":28098,"comment_status":"closed","ping_status":"closed","sticky":false,"template":"","format":"video","meta":{"inline_featured_image":false,"footnotes":""},"categories":[1242,234,1241,72],"tags":[],"class_list":{"0":"post-22240","1":"post","2":"type-post","3":"status-publish","4":"format-video","5":"has-post-thumbnail","7":"category-dijalog","8":"category-politika","9":"category-politika-video-galerija","10":"category-video-galerija","11":"post_format-post-format-video"},"acf":[],"_links":{"self":[{"href":"https:\/\/tvsensor.com\/api\/wp\/v2\/posts\/22240","targetHints":{"allow":["GET"]}}],"collection":[{"href":"https:\/\/tvsensor.com\/api\/wp\/v2\/posts"}],"about":[{"href":"https:\/\/tvsensor.com\/api\/wp\/v2\/types\/post"}],"author":[{"embeddable":true,"href":"https:\/\/tvsensor.com\/api\/wp\/v2\/users\/59"}],"replies":[{"embeddable":true,"href":"https:\/\/tvsensor.com\/api\/wp\/v2\/comments?post=22240"}],"version-history":[{"count":4,"href":"https:\/\/tvsensor.com\/api\/wp\/v2\/posts\/22240\/revisions"}],"predecessor-version":[{"id":28100,"href":"https:\/\/tvsensor.com\/api\/wp\/v2\/posts\/22240\/revisions\/28100"}],"wp:featuredmedia":[{"embeddable":true,"href":"https:\/\/tvsensor.com\/api\/wp\/v2\/media\/28098"}],"wp:attachment":[{"href":"https:\/\/tvsensor.com\/api\/wp\/v2\/media?parent=22240"}],"wp:term":[{"taxonomy":"category","embeddable":true,"href":"https:\/\/tvsensor.com\/api\/wp\/v2\/categories?post=22240"},{"taxonomy":"post_tag","embeddable":true,"href":"https:\/\/tvsensor.com\/api\/wp\/v2\/tags?post=22240"}],"curies":[{"name":"wp","href":"https:\/\/api.w.org\/{rel}","templated":true}]}}