{"id":222,"date":"2019-01-30T21:16:29","date_gmt":"2019-01-30T21:16:29","guid":{"rendered":"https:\/\/wh449638.ispot.cc\/?p=222"},"modified":"2024-01-15T21:50:24","modified_gmt":"2024-01-15T20:50:24","slug":"sarajevo-prijave-na-kurs-turskog-jezika-u-institutu-yunus-emre-otvorene-do-1-februara","status":"publish","type":"post","link":"https:\/\/tvsensor.com\/clanak\/sarajevo-prijave-na-kurs-turskog-jezika-u-institutu-yunus-emre-otvorene-do-1-februara\/","title":{"rendered":"Sarajevo: Prijave na kurs turskog jezika u Institutu &#8220;Yunus Emre&#8221; otvorene do 1. februara"},"content":{"rendered":"\n<p>Prijave na kurs turskog jezika u Institutu &#8220;Yunus Emre&#8221; u Sarajevu otvorene su do 1. februara 2019, a kurs traje 12 sedmica, javlja Anadolu Agency (AA).<\/p>\n\n\n\n<p>Institut &#8220;Yunus Emre&#8221; u Bosni i Hercegovini je otvoren od 2009. godine i od tada organizira \u010dasove kojima svake godine prisustvuje sve vi\u0161e ljudi.<\/p>\n\n\n\n<p>Institut ima svoje centre u Sarajevu, Mostaru i Fojnici, u kojima se odr\u017eavaju certificirani kursevi.<\/p>\n\n\n\n<p>Direktor Instituta &#8220;Yunus Emre&#8221; u Sarajevu Mehmet Akif Yaman kazao je kako su vrata otvorena svima koji \u017eele u\u010diti turski jezik.<\/p>\n\n\n\n<p>Dodao je kako se \u010dasovi odvijaju u moderno opremljenim u\u010dionicama, a nastavu vodi profesionalni nau\u010dni kadar.<\/p>\n\n\n\n<p>Pojasnio je kako jedan ciklus traje 72 \u010dasa, odnosno otprilike tri mjeseca, a nakon svakog ciklusa bude odr\u017ean ispit provjere znanja.<\/p>\n\n\n\n<p>Yaman je dodao kako su prijave za novi ciklus jo\u0161 uvijek u toku i da \u010dasovi po\u010dinju 4. februara. Dodao je kako posebno interesovanje pokazuju studenti, naro\u010dito oni koji studiraju turkologiju te da je za njih predvi\u0111en poseban popust.<\/p>\n\n\n\n<p>Direktor centra je rekao kako je svake godine sve vi\u0161e ljudi koji vjeruju da \u0107e im poznavanje ovog jezika olak\u0161ati potragu za poslom te podsjetio na turske investicije u BiH.<\/p>\n\n\n\n<p>Yaman je rekao kako je potra\u017enja za \u010dasovima velika i da u jednom ciklusu kurs poha\u0111a vi\u0161e od 300 u\u010denika raspore\u0111enih u nekoliko grupa.<\/p>\n\n\n\n<p>Podsjetio je i kako polaznici kursa na kraju godine imaju mogu\u0107nost besplatnog odlaska na &#8220;Ljetnu \u0161kolu turskog jezika&#8221; u Turskoj.<\/p>\n\n\n\n<p>Tokom razgovora osvrnuo se i na kulturno-umjetni\u010dke programe koje Centar organizira tokom cijele godine te napomenuo da su ove aktivnosti besplatne.<\/p>\n\n\n\n<p>Centar, osim kurseva turskog jezika organizira i radionicu za prevo\u0111enje i \u010dasove konverzacije.<\/p>\n","protected":false},"excerpt":{"rendered":"<p>Prijave na kurs turskog jezika u Institutu &#8220;Yunus Emre&#8221; u Sarajevu otvorene su do 1. februara 2019, a kurs traje 12 sedmica, javlja Anadolu Agency (AA). Institut &#8220;Yunus Emre&#8221; u Bosni i Hercegovini je otvoren od 2009. godine i od tada organizira \u010dasove kojima svake godine prisustvuje sve vi\u0161e ljudi. Institut ima svoje centre u [&hellip;]<\/p>\n","protected":false},"author":59,"featured_media":223,"comment_status":"open","ping_status":"closed","sticky":false,"template":"","format":"standard","meta":{"inline_featured_image":false,"footnotes":""},"categories":[46,50,52],"tags":[],"class_list":{"0":"post-222","1":"post","2":"type-post","3":"status-publish","4":"format-standard","5":"has-post-thumbnail","7":"category-kultura","8":"category-naucimo-nesto-novo","9":"category-obrazovanje"},"acf":[],"_links":{"self":[{"href":"https:\/\/tvsensor.com\/api\/wp\/v2\/posts\/222","targetHints":{"allow":["GET"]}}],"collection":[{"href":"https:\/\/tvsensor.com\/api\/wp\/v2\/posts"}],"about":[{"href":"https:\/\/tvsensor.com\/api\/wp\/v2\/types\/post"}],"author":[{"embeddable":true,"href":"https:\/\/tvsensor.com\/api\/wp\/v2\/users\/59"}],"replies":[{"embeddable":true,"href":"https:\/\/tvsensor.com\/api\/wp\/v2\/comments?post=222"}],"version-history":[{"count":1,"href":"https:\/\/tvsensor.com\/api\/wp\/v2\/posts\/222\/revisions"}],"predecessor-version":[{"id":224,"href":"https:\/\/tvsensor.com\/api\/wp\/v2\/posts\/222\/revisions\/224"}],"wp:featuredmedia":[{"embeddable":true,"href":"https:\/\/tvsensor.com\/api\/wp\/v2\/media\/223"}],"wp:attachment":[{"href":"https:\/\/tvsensor.com\/api\/wp\/v2\/media?parent=222"}],"wp:term":[{"taxonomy":"category","embeddable":true,"href":"https:\/\/tvsensor.com\/api\/wp\/v2\/categories?post=222"},{"taxonomy":"post_tag","embeddable":true,"href":"https:\/\/tvsensor.com\/api\/wp\/v2\/tags?post=222"}],"curies":[{"name":"wp","href":"https:\/\/api.w.org\/{rel}","templated":true}]}}