{"id":219,"date":"2019-01-30T21:14:32","date_gmt":"2019-01-30T21:14:32","guid":{"rendered":"https:\/\/wh449638.ispot.cc\/?p=219"},"modified":"2024-01-15T21:50:24","modified_gmt":"2024-01-15T20:50:24","slug":"predsjednistvo-bih-u-briselu-kandidatski-status-bio-bi-pozitivan-signal-za-reformski-proces","status":"publish","type":"post","link":"https:\/\/tvsensor.com\/clanak\/predsjednistvo-bih-u-briselu-kandidatski-status-bio-bi-pozitivan-signal-za-reformski-proces\/","title":{"rendered":"Predsjedni\u0161tvo BiH u Briselu: Kandidatski status bio bi pozitivan signal za reformski proces"},"content":{"rendered":"\n<p>Milorad Dodik, predsjedavaju\u0107i Predsjedni\u0161tva BiH i \u010dlanovi \u017deljko Kom\u0161i\u0107 i \u0160efik D\u017eaferovi\u0107, susreli se danas u Briselu s Johannesom Hahnom, komesarom za evropsku politiku susjedstva i pregovore o pro\u0161irenju, Jean Claudeom Junckerom, predsjednikom Evropske komisije, i Donaldom Tuskom, predsjednikom Evropskog vije\u0107a, saop\u0161teno je iz Predsjedni\u0161tva, prenosi Anadolu Agency (AA).<\/p>\n\n\n\n<p>Na po\u010detku sastanka, \u010dlanovi Predsjedni\u0161tva BiH su izrazili zahvalnost Hahnu i Junckeru na iskrenoj i kontinuiranoj podr\u0161ci BiH u kontekstu njenih evropskih integracija.<\/p>\n","protected":false},"excerpt":{"rendered":"<p>Milorad Dodik, predsjedavaju\u0107i Predsjedni\u0161tva BiH i \u010dlanovi \u017deljko Kom\u0161i\u0107 i \u0160efik D\u017eaferovi\u0107, susreli se danas u Briselu s Johannesom Hahnom, komesarom za evropsku politiku susjedstva i pregovore o pro\u0161irenju, Jean Claudeom Junckerom, predsjednikom Evropske komisije, i Donaldom Tuskom, predsjednikom Evropskog vije\u0107a, saop\u0161teno je iz Predsjedni\u0161tva, prenosi Anadolu Agency (AA). Na po\u010detku sastanka, \u010dlanovi Predsjedni\u0161tva BiH [&hellip;]<\/p>\n","protected":false},"author":59,"featured_media":220,"comment_status":"open","ping_status":"closed","sticky":false,"template":"","format":"standard","meta":{"inline_featured_image":false,"footnotes":""},"categories":[37,38],"tags":[],"class_list":{"0":"post-219","1":"post","2":"type-post","3":"status-publish","4":"format-standard","5":"has-post-thumbnail","7":"category-vijesti","8":"category-vijesti-iz-bih"},"acf":[],"_links":{"self":[{"href":"https:\/\/tvsensor.com\/api\/wp\/v2\/posts\/219","targetHints":{"allow":["GET"]}}],"collection":[{"href":"https:\/\/tvsensor.com\/api\/wp\/v2\/posts"}],"about":[{"href":"https:\/\/tvsensor.com\/api\/wp\/v2\/types\/post"}],"author":[{"embeddable":true,"href":"https:\/\/tvsensor.com\/api\/wp\/v2\/users\/59"}],"replies":[{"embeddable":true,"href":"https:\/\/tvsensor.com\/api\/wp\/v2\/comments?post=219"}],"version-history":[{"count":1,"href":"https:\/\/tvsensor.com\/api\/wp\/v2\/posts\/219\/revisions"}],"predecessor-version":[{"id":221,"href":"https:\/\/tvsensor.com\/api\/wp\/v2\/posts\/219\/revisions\/221"}],"wp:featuredmedia":[{"embeddable":true,"href":"https:\/\/tvsensor.com\/api\/wp\/v2\/media\/220"}],"wp:attachment":[{"href":"https:\/\/tvsensor.com\/api\/wp\/v2\/media?parent=219"}],"wp:term":[{"taxonomy":"category","embeddable":true,"href":"https:\/\/tvsensor.com\/api\/wp\/v2\/categories?post=219"},{"taxonomy":"post_tag","embeddable":true,"href":"https:\/\/tvsensor.com\/api\/wp\/v2\/tags?post=219"}],"curies":[{"name":"wp","href":"https:\/\/api.w.org\/{rel}","templated":true}]}}