{"id":21426,"date":"2020-12-23T05:58:46","date_gmt":"2020-12-23T04:58:46","guid":{"rendered":"https:\/\/senzor.ba\/?p=21426"},"modified":"2024-01-15T21:41:16","modified_gmt":"2024-01-15T20:41:16","slug":"mjere-zabrane-kretanja-i-obaveznog-nosenja-maski-su-neustavne","status":"publish","type":"post","link":"https:\/\/tvsensor.com\/clanak\/mjere-zabrane-kretanja-i-obaveznog-nosenja-maski-su-neustavne\/","title":{"rendered":"Mjere zabrane kretanja i obaveznog no\u0161enja maski su neustavne"},"content":{"rendered":"\n<p>Ustavni sud Bosne i Hercegovine je danas odr\u017eao sjednicu na kojoj je donesena odluka da mjera ograni\u010dena kretanja i no\u0161enja maski tokom pandemije koronavirusa predstavlja kr\u0161enje osnovnih ljudskih prava. <\/p>\n\n\n\n<p>Elektronskim putem je danas odr\u017eana redovna 120. sjednica Velikog vije\u0107a Ustavnog suda Bosne i Hercegovine. Doneseno je nekoliko odluka, a ona najrelevantnija za bh. javnost jeste da su odluke Kriznog \u0161taba FBiH o zabrani kretanja i obaveznom no\u0161enju za\u0161titnih maski &#8220;mije\u0161anje u osnovna ljudska prava i slobode garantovane Ustavom BiH i Evropskom konvencijom za za\u0161titu ljudskih prava&#8221;.<\/p>\n\n\n\n<p>&#8220;U konkretnom slu\u010daju u pitanju su kr\u0161enja prava na privatni \u017eivot i na slobodu kretanja, koja su izvr\u0161ena naredbama uskih segmenata izvr\u0161ne vlasti o obaveznom no\u0161enju za\u0161titnih maski i o ograni\u010denju kretanja, kriznih \u0161tabova ministarstava zdravstva&#8221;, stoji u odluci Ustavnog suda.<\/p>\n\n\n\n<p>Jo\u0161 se navodi da odluka Kriznog \u0161taba Ministarstava zdravstva FBiH predstavlja kr\u0161enje navedenih ljudskih prava s obzirom na to da je &#8220;izostalo aktivno u\u010de\u0161\u0107e u dono\u0161enju i preispitivanju nare\u0111enih mjera od najvi\u0161ih organa zakonodavne i izvr\u0161ne vlasti&#8221;.<\/p>\n\n\n\n<p>Mjera zabrane kretanja nakon 11 sati do pet ujutru je uvedena 10. novembra usljed porasta broja novozara\u017eenih koronavirusom, a pratile su je mjere obaveznog no\u0161enja maski u zatvorenom i na otvorenom prostoru.<\/p>\n\n\n\n<p>Nakon dono\u0161enja mjera sarajevski advokati su uputili apelaciju Ustavnom sudu BiH te tra\u017eili da preispitaju donesene mjere, kao i to da do kona\u010dne odluke ukinu mjeru Kriznog \u0161taba Federalnog ministarstva zdravstva.<\/p>\n","protected":false},"excerpt":{"rendered":"<p>Ustavni sud Bosne i Hercegovine je danas odr\u017eao sjednicu na kojoj je donesena odluka da mjera ograni\u010dena kretanja i no\u0161enja maski tokom pandemije koronavirusa predstavlja kr\u0161enje osnovnih ljudskih prava. Elektronskim putem je danas odr\u017eana redovna 120. sjednica Velikog vije\u0107a Ustavnog suda Bosne i Hercegovine. Doneseno je nekoliko odluka, a ona najrelevantnija za bh. javnost jeste [&hellip;]<\/p>\n","protected":false},"author":59,"featured_media":21427,"comment_status":"closed","ping_status":"closed","sticky":false,"template":"","format":"standard","meta":{"inline_featured_image":false,"footnotes":""},"categories":[38],"tags":[],"class_list":{"0":"post-21426","1":"post","2":"type-post","3":"status-publish","4":"format-standard","5":"has-post-thumbnail","7":"category-vijesti-iz-bih"},"acf":[],"_links":{"self":[{"href":"https:\/\/tvsensor.com\/api\/wp\/v2\/posts\/21426","targetHints":{"allow":["GET"]}}],"collection":[{"href":"https:\/\/tvsensor.com\/api\/wp\/v2\/posts"}],"about":[{"href":"https:\/\/tvsensor.com\/api\/wp\/v2\/types\/post"}],"author":[{"embeddable":true,"href":"https:\/\/tvsensor.com\/api\/wp\/v2\/users\/59"}],"replies":[{"embeddable":true,"href":"https:\/\/tvsensor.com\/api\/wp\/v2\/comments?post=21426"}],"version-history":[{"count":2,"href":"https:\/\/tvsensor.com\/api\/wp\/v2\/posts\/21426\/revisions"}],"predecessor-version":[{"id":21429,"href":"https:\/\/tvsensor.com\/api\/wp\/v2\/posts\/21426\/revisions\/21429"}],"wp:featuredmedia":[{"embeddable":true,"href":"https:\/\/tvsensor.com\/api\/wp\/v2\/media\/21427"}],"wp:attachment":[{"href":"https:\/\/tvsensor.com\/api\/wp\/v2\/media?parent=21426"}],"wp:term":[{"taxonomy":"category","embeddable":true,"href":"https:\/\/tvsensor.com\/api\/wp\/v2\/categories?post=21426"},{"taxonomy":"post_tag","embeddable":true,"href":"https:\/\/tvsensor.com\/api\/wp\/v2\/tags?post=21426"}],"curies":[{"name":"wp","href":"https:\/\/api.w.org\/{rel}","templated":true}]}}