{"id":21422,"date":"2020-12-22T20:47:49","date_gmt":"2020-12-22T19:47:49","guid":{"rendered":"https:\/\/senzor.ba\/?p=21422"},"modified":"2024-01-15T21:41:16","modified_gmt":"2024-01-15T20:41:16","slug":"dodjelom-priznanja-vkbi-obiljezio-28-godisnjicu-osnivanja-i-djelovanja","status":"publish","type":"post","link":"https:\/\/tvsensor.com\/clanak\/dodjelom-priznanja-vkbi-obiljezio-28-godisnjicu-osnivanja-i-djelovanja\/","title":{"rendered":"Dodjelom priznanja VKBI obilje\u017eio 28. godi\u0161njicu osnivanja i djelovanja"},"content":{"rendered":"\n<p>Akademija povodom 28. godi\u0161njice osnivanja Vije\u0107a kongresa bo\u0161nja\u010dkih intelektualaca (VKBI) odr\u017eana je ve\u010deras u sarajevskoj Vije\u0107nici, uz dodjelu priznanja zaslu\u017enim pojedincima i kolektivima, u skladu s odlukama Upravnog odbora tog vije\u0107a.<\/p>\n\n\n\n<p>Po\u010dasnim \u010dlanom VKBI-a progla\u0161eni su Tilman Z\u00fclch i ambasador Diego Arria, a zahvalnica VKBI-a dodijeljenja je Gazi Husrev-begovoj biblioteci Sarajevo, Vladi Unsko-sanskog kantona i&nbsp; Ministarstvu obrazovanja, nauke, kulture i sporta USK.<\/p>\n\n\n\n<p>Plaketa VKBI-a posthumno je dodijeljena knji\u017eevniku Hazimu Akmad\u017ei\u0107u, prof. dr. Kasimu Begi\u0107u, prof. dr. Nijazu Durakovi\u0107u i Hatid\u017ei Mehmedovi\u0107. Istovremeno, dobitnici Plakete VKBI-a su prof. dr. Aida Abad\u017ei\u0107 Hod\u017ei\u0107, akademik fra Mile Babi\u0107, prof. dr. Hasan Bali\u0107, mr. sci Bogi\u0107 Bogi\u0107evi\u0107, prof. dr. Husnija Kamberovi\u0107, muftija Seid ef. Smajki\u0107 i prof. dr. Jusuf \u017diga.<\/p>\n\n\n\n<p>Povelja VKBI-a posthumno je dodijeljena prof. dr. Mersadu Berberu. Isto priznanje &#8211; Povelja VKBI-a dodijeljena je i prof. dr. Enveru Imamovi\u0107u i akademiku Safetu Zecu.<\/p>\n\n\n\n<p>Predsjednik VKBI-a Ned\u017ead Mulabegovi\u0107 kazao je da se 28. ro\u0111endan Vije\u0107e obilje\u017eava u potpuno novom okru\u017eenju, novim prilikama i okolnostima koje uveliko mijenjaju dosada\u0161nje uvjete i na\u010dine na\u0161ih \u017eivota te da je pandemija uzrokovana virusom COVID-19 promijenila cijeli svijet.<\/p>\n\n\n\n<p>Podsjetio je da su u prethodnim godinama aplelirali na one koji obna\u0161aju vlast da je neophodno vratiti institut savjetovanja u sve bitne dru\u0161tveno-politi\u010dke tokove.<\/p>\n\n\n\n<p>&#8211; Na\u0161 apel nije prihva\u0107en. Naprotiv. Umjesto promoviranja principa antifa\u0161izma, integrativnih projekata, demokratskih inicijativa, vladavine prava, dru\u0161tvenog konsenzusa isticanjem razli\u010ditosti bh. dru\u0161tva kao bogatstva, dominirala je promocija nacionalizma, separatizma, suspenzije vladavine prava, strana\u010dke isklju\u010divosti i surove borbe za vlast, radi vlasti &#8211; kazao je.<\/p>\n\n\n\n<p>Istakao je da su se u ovoj godini, kada obilje\u017eavaju 28 godina od osnivanja, u Vije\u0107u&nbsp;&nbsp; suo\u010dili sa specifi\u010dno\u0161\u0107u koja im je bila nepoznata \u010dak i u najte\u017eem periodu za vrijeme agresije i opsade Sarajeva, jer vlasti nisu podr\u017eale niti jedan program i projekt Vije\u0107a koji je bio delegiran u skladu sa propisanim procedurama.<\/p>\n\n\n\n<p>Dodao je da nisu podr\u017eali \u010dak ni izradu enciklopedijskog &#8211; vi\u0161etomnog Rje\u010dnika bosanskog jezika, sigurno najzna\u010dajnijeg leksikografskog projekta u novijoj povijesti Bosne i Hercegovine koji se provodi kroz institucionalni okvir Vije\u0107a.<\/p>\n\n\n\n<p>Podcrtao je&nbsp; stavove Skup\u0161tine Vije\u0107a, da je VKBI organizacija koja ima jasnu distancu od bilo koje politi\u010dke organizacije i istovremeno je partner svakoj politi\u010dkoj organizaciji koja svoje ideje, vizije i ciljeve temelji na stru\u010dnosti, izvrsnosti, prosperitetu i boljitku.<\/p>\n\n\n\n<p>&#8211; Sve bosanske i bo\u0161nja\u010dke politi\u010dke organizacije trebaju shvatiti da je politi\u010dki pluralizam realnost, koja se ne mo\u017ee negirati i izbjegavati. Upravo snaga i autoritet Vije\u0107a le\u017ei u tome \u0161to na\u0161e odluke i stavove donosimo na bazi argumentiranih razgovora, nau\u010dno utemeljenih \u010dinjenica, vlastitih promi\u0161ljanja i saznanja, uva\u017eavanja li\u010dnog integriteta, a ne na bazi ideolo\u0161kih opredjeljenja &#8211; poru\u010dio je Mulabegovi\u0107. &nbsp;<\/p>\n\n\n\n<p>U prethodnom periodu je, dodao je, Vije\u0107e kroz saradnju sa bo\u0161nja\u010dkim nacionalnim vije\u0107ima iz Srbije (BNV), Crne Gore (BVuCG), Hrvatske (KBNMRH), Sjeverne Makedonije (BNVRSM), Kosova (KVZ) i uskoro Sjedinjenih Ameri\u010dkih Dr\u017eava (KBSA), putem Ureda za koordinaciju bo\u0161nja\u010dkih vije\u0107a, napravilo zna\u010dajne iskorake koji imaju za cilj harmonizaciju temeljnih elemenata nacionalnog identiteta bo\u0161nja\u010dkog naroda.<\/p>\n\n\n\n<p>Istakao je&nbsp; da je zajedni\u010dki stav da bo\u0161nja\u010dki narod treba imati svoje mati\u010dno dru\u0161tvo, sa javnim ovla\u0161tenjima, o \u010demu \u0107e se u narednom periodu intenzivno razgovarati, uz u\u010de\u0161\u0107e svih relevantnih organizacija, udru\u017eenja, ustanova bo\u0161nja\u010dke provenijencije iz Bosne i Hercegovine i svijeta.<\/p>\n\n\n\n<p>&#8211; Poseban oblik saradnje nastavit \u0107emo sa ostalim temeljnim organizacijama bo\u0161nja\u010dke provenijencije iz BiH, Preporodom, Merhametom i Bo\u0161nja\u010dkim institutom &#8211; Fonadacijom Adilbega Zulfikarpa\u0161i\u0107 &#8211; naglasio je.<\/p>\n\n\n\n<p>Poru\u010dio je da Vije\u0107e ostaje predano istinskoj saradnji, koja traje vi\u0161e od dvije decenije, sa partnerskim organizacijama, Hrvatskim narodnim vije\u0107em Bosne i Hercegovine i Srpskim gra\u0111anskim vije\u0107em, kao i sa Krugom 99, na projektima koji imaju za cilj integraciju Bosne i Hercegovine na temeljima demokratskih evropskih vrijednosti u kojima svaki gra\u0111anin i pripadnik svakog naroda i nacionale manjine u Bosni i Hercegovini treba imati jednaka prava na cijeloj teritoriji Bosne i Hercegovine.<\/p>\n\n\n\n<p>&#8211; Na\u0161e vjerske, nacionalne i djelom kulturne razli\u010ditosti jesu bogatstvo koje su komparativna prednost Bosne i Hercegovine, a nikako ne mogu niti smiju biti izvorima sukoba, neslaganja i mr\u017enje. Svi mi kojima je BiH domovina, tokom gotovo hiljadugodi\u0161njeg postojanja Bosne izgradili smo poseban bosanski, bosanskohercegova\u010dki, identitet kojeg se ne odri\u010demo &#8211; poru\u010dio je Mulabegovi\u0107.<\/p>\n\n\n\n<p>Naglasio je da Vije\u0107e ne pristaje na kompromise koji se ti\u010du osporavanja nezavisnosti, suvereniteta i teritorijalnog integriteta Bosne i Hercegovine, negiranja genocida nad Bo\u0161njacima u Srebrenici, osporavanja pravosna\u017enih presuda me\u0111unarodnih i doma\u0107ih sudova, ravnopravnosti svih gra\u0111ana i naroda na cijeloj teritoriji Bosne i Hercegovine.<\/p>\n\n\n\n<p>&#8211; Vije\u0107e ostaje istrajno u borbi protiv fa\u0161izma, \u0161ovinizma, segregacije, aparthejda, nacionalne netrpeljivosti i velikodr\u017eavnim projektima koji dolaze iz susjednih dr\u017eava Srbije i Hrvatske &#8211; istakao je Mulabegovi\u0107.<\/p>\n\n\n\n<p>istakao je da \u0107e podr\u017eavati projekte i procese koji promoviraju integraciju bh. dru\u0161tva kao dru\u0161tva zajedni\u010dkih vrijednosti, vladavinu prava, demokratske procese, vjerska, nacionalna i ljudska prava i slobode.<\/p>\n\n\n\n<p>&#8211; Bosna i Hercegovina je domovina, dr\u017eava i zemlja svih onih koji je vole, bez obzira na sve individualne i kolektivne raznolikosti, a takvih je ve\u0107ina u Bosni i Hercegovini &#8211; zaklju\u010dio Mulabegovi\u0107 te izrazio zadovoljstvo \u0161to su po\u010dasni \u010dlanovi Vije\u0107a postali svjetski priznate li\u010dnosti ambasador Diego Arria i Tilman Zulch.<\/p>\n\n\n\n<p>Fena<\/p>\n","protected":false},"excerpt":{"rendered":"<p>Akademija povodom 28. godi\u0161njice osnivanja Vije\u0107a kongresa bo\u0161nja\u010dkih intelektualaca (VKBI) odr\u017eana je ve\u010deras u sarajevskoj Vije\u0107nici, uz dodjelu priznanja zaslu\u017enim pojedincima i kolektivima, u skladu s odlukama Upravnog odbora tog vije\u0107a. Po\u010dasnim \u010dlanom VKBI-a progla\u0161eni su Tilman Z\u00fclch i ambasador Diego Arria, a zahvalnica VKBI-a dodijeljenja je Gazi Husrev-begovoj biblioteci Sarajevo, Vladi Unsko-sanskog kantona i&nbsp; [&hellip;]<\/p>\n","protected":false},"author":7,"featured_media":21423,"comment_status":"closed","ping_status":"closed","sticky":false,"template":"","format":"standard","meta":{"inline_featured_image":false,"footnotes":""},"categories":[37,38],"tags":[],"class_list":{"0":"post-21422","1":"post","2":"type-post","3":"status-publish","4":"format-standard","5":"has-post-thumbnail","7":"category-vijesti","8":"category-vijesti-iz-bih"},"acf":[],"_links":{"self":[{"href":"https:\/\/tvsensor.com\/api\/wp\/v2\/posts\/21422","targetHints":{"allow":["GET"]}}],"collection":[{"href":"https:\/\/tvsensor.com\/api\/wp\/v2\/posts"}],"about":[{"href":"https:\/\/tvsensor.com\/api\/wp\/v2\/types\/post"}],"author":[{"embeddable":true,"href":"https:\/\/tvsensor.com\/api\/wp\/v2\/users\/7"}],"replies":[{"embeddable":true,"href":"https:\/\/tvsensor.com\/api\/wp\/v2\/comments?post=21422"}],"version-history":[{"count":2,"href":"https:\/\/tvsensor.com\/api\/wp\/v2\/posts\/21422\/revisions"}],"predecessor-version":[{"id":21425,"href":"https:\/\/tvsensor.com\/api\/wp\/v2\/posts\/21422\/revisions\/21425"}],"wp:featuredmedia":[{"embeddable":true,"href":"https:\/\/tvsensor.com\/api\/wp\/v2\/media\/21423"}],"wp:attachment":[{"href":"https:\/\/tvsensor.com\/api\/wp\/v2\/media?parent=21422"}],"wp:term":[{"taxonomy":"category","embeddable":true,"href":"https:\/\/tvsensor.com\/api\/wp\/v2\/categories?post=21422"},{"taxonomy":"post_tag","embeddable":true,"href":"https:\/\/tvsensor.com\/api\/wp\/v2\/tags?post=21422"}],"curies":[{"name":"wp","href":"https:\/\/api.w.org\/{rel}","templated":true}]}}