{"id":21418,"date":"2020-12-22T20:44:08","date_gmt":"2020-12-22T19:44:08","guid":{"rendered":"https:\/\/senzor.ba\/?p=21418"},"modified":"2024-01-15T21:41:16","modified_gmt":"2024-01-15T20:41:16","slug":"o-slucaju-ikona-konacno-se-oglasio-i-dodikov-kabinet","status":"publish","type":"post","link":"https:\/\/tvsensor.com\/clanak\/o-slucaju-ikona-konacno-se-oglasio-i-dodikov-kabinet\/","title":{"rendered":"O slu\u010daju &#8216;ikona&#8217; kona\u010dno se oglasio i Dodikov kabinet"},"content":{"rendered":"\n<p>Ikona koju je predsjedavaju\u0107i Predsjedni\u0161tva BiH Milorad Dodik poklonio ruskom \u0161efu diplomatije Sergeju Lavrovu nije ukradena i spada u red porodi\u010dnih osve\u0161tanih ikona, saop\u0161teno je iz Dodikovog kabineta.<\/p>\n\n\n\n<p>Ona nije dio kulturne ba\u0161tine i nacionalno blago. To potvr\u0111uje i \u010dinjenica da ni sedam dana nakon uru\u010denja poklona nema potvrde da se ikona nalazi na listama nestalih, niti da je ko potra\u017euje, ili da je dio bilo \u010dije kulturne ba\u0161tine, ali uprkos tome \u0161irenje neistina u javnosti se nastavlja, istakli su iz kabineta predsjedavaju\u0107eg Predsjedni\u0161tva BiH.<\/p>\n\n\n\n<p>Logi\u010dno pitanje je, ako je to ve\u0107 tako, za\u0161to se ranije nisu oglasili iz kabineta?&nbsp;<\/p>\n\n\n\n<p>federalna.ba<\/p>\n","protected":false},"excerpt":{"rendered":"<p>Ikona koju je predsjedavaju\u0107i Predsjedni\u0161tva BiH Milorad Dodik poklonio ruskom \u0161efu diplomatije Sergeju Lavrovu nije ukradena i spada u red porodi\u010dnih osve\u0161tanih ikona, saop\u0161teno je iz Dodikovog kabineta. Ona nije dio kulturne ba\u0161tine i nacionalno blago. To potvr\u0111uje i \u010dinjenica da ni sedam dana nakon uru\u010denja poklona nema potvrde da se ikona nalazi na listama [&hellip;]<\/p>\n","protected":false},"author":7,"featured_media":21419,"comment_status":"closed","ping_status":"closed","sticky":false,"template":"","format":"standard","meta":{"inline_featured_image":false,"footnotes":""},"categories":[37,38],"tags":[],"class_list":{"0":"post-21418","1":"post","2":"type-post","3":"status-publish","4":"format-standard","5":"has-post-thumbnail","7":"category-vijesti","8":"category-vijesti-iz-bih"},"acf":[],"_links":{"self":[{"href":"https:\/\/tvsensor.com\/api\/wp\/v2\/posts\/21418","targetHints":{"allow":["GET"]}}],"collection":[{"href":"https:\/\/tvsensor.com\/api\/wp\/v2\/posts"}],"about":[{"href":"https:\/\/tvsensor.com\/api\/wp\/v2\/types\/post"}],"author":[{"embeddable":true,"href":"https:\/\/tvsensor.com\/api\/wp\/v2\/users\/7"}],"replies":[{"embeddable":true,"href":"https:\/\/tvsensor.com\/api\/wp\/v2\/comments?post=21418"}],"version-history":[{"count":2,"href":"https:\/\/tvsensor.com\/api\/wp\/v2\/posts\/21418\/revisions"}],"predecessor-version":[{"id":21421,"href":"https:\/\/tvsensor.com\/api\/wp\/v2\/posts\/21418\/revisions\/21421"}],"wp:featuredmedia":[{"embeddable":true,"href":"https:\/\/tvsensor.com\/api\/wp\/v2\/media\/21419"}],"wp:attachment":[{"href":"https:\/\/tvsensor.com\/api\/wp\/v2\/media?parent=21418"}],"wp:term":[{"taxonomy":"category","embeddable":true,"href":"https:\/\/tvsensor.com\/api\/wp\/v2\/categories?post=21418"},{"taxonomy":"post_tag","embeddable":true,"href":"https:\/\/tvsensor.com\/api\/wp\/v2\/tags?post=21418"}],"curies":[{"name":"wp","href":"https:\/\/api.w.org\/{rel}","templated":true}]}}