{"id":21322,"date":"2020-12-20T15:53:59","date_gmt":"2020-12-20T14:53:59","guid":{"rendered":"https:\/\/senzor.ba\/?p=21322"},"modified":"2024-01-15T21:41:19","modified_gmt":"2024-01-15T20:41:19","slug":"nelson-i-sattler-pruzili-podrsku-mostarcima-i-pozvali-ih-da-glasaju","status":"publish","type":"post","link":"https:\/\/tvsensor.com\/clanak\/nelson-i-sattler-pruzili-podrsku-mostarcima-i-pozvali-ih-da-glasaju\/","title":{"rendered":"Nelson i Sattler pru\u017eili podr\u0161ku Mostarcima i pozvali ih da glasaju"},"content":{"rendered":"\n<p>Amasador Sjedinjenih Ameri\u010dkih Dr\u017eava u Bosni i Hercegovini Eric Nelson i \u0161ef Delegacije Evropske unije u Bosni i Hercegovini i specijalni predstavnik EU u BiH Johann Sattler borave u Mostaru, gdje se danas odr\u017eavaju lokalni izbori, prvi nakon 12 godina.<\/p>\n\n\n\n<p>Amasador Nelson je izjavio da su ovi izbori mo\u017eda \u201cnajpra\u0107eniji izbori u svijetu ove godine\u201d. Pozvao je gra\u0111ane da iza\u0111u i gasaju, jer ve\u0107a izlaznost zna\u010di i \u017eelju za promjenama.<\/p>\n\n\n\n<p>&#8211; Mnogo je tenzije, i\u0161\u010dekivanja, ali i diskusija u vezi s nepravilnostima. To je normalno u svakim izborima. Ambasada SAD-a podr\u017eava Koaliciju \u201cPod lupom\u201d, koja je uspjela da osigura svoje nestrana\u010dke posmatra\u010de na svim birali\u0161tima. Nadam se da \u0107e svi gra\u0111ani i politi\u010dari pru\u017eiti svoju podr\u0161ku i nastojati da 2021. godinu iskoriste za konkretne promjene &#8211; kazao je Nelson.<\/p>\n\n\n\n<p>&#8211; Smatralo se da je odr\u017eavanje izbora u Mostaru nemogu\u0107e, ali evo dokaz da im svjedo\u010dimo. Sutra gra\u0111ani ovog divnog grada okre\u0107u novi list i do\u0161la je prilika za novo poglavlje &#8211; poru\u010dio je \u0161ef Delegacije EU u BiH.<\/p>\n\n\n\n<p>federalna.ba<\/p>\n","protected":false},"excerpt":{"rendered":"<p>Amasador Sjedinjenih Ameri\u010dkih Dr\u017eava u Bosni i Hercegovini Eric Nelson i \u0161ef Delegacije Evropske unije u Bosni i Hercegovini i specijalni predstavnik EU u BiH Johann Sattler borave u Mostaru, gdje se danas odr\u017eavaju lokalni izbori, prvi nakon 12 godina. Amasador Nelson je izjavio da su ovi izbori mo\u017eda \u201cnajpra\u0107eniji izbori u svijetu ove godine\u201d. [&hellip;]<\/p>\n","protected":false},"author":7,"featured_media":21323,"comment_status":"closed","ping_status":"closed","sticky":false,"template":"","format":"standard","meta":{"inline_featured_image":false,"footnotes":""},"categories":[37,38],"tags":[],"class_list":{"0":"post-21322","1":"post","2":"type-post","3":"status-publish","4":"format-standard","5":"has-post-thumbnail","7":"category-vijesti","8":"category-vijesti-iz-bih"},"acf":[],"_links":{"self":[{"href":"https:\/\/tvsensor.com\/api\/wp\/v2\/posts\/21322","targetHints":{"allow":["GET"]}}],"collection":[{"href":"https:\/\/tvsensor.com\/api\/wp\/v2\/posts"}],"about":[{"href":"https:\/\/tvsensor.com\/api\/wp\/v2\/types\/post"}],"author":[{"embeddable":true,"href":"https:\/\/tvsensor.com\/api\/wp\/v2\/users\/7"}],"replies":[{"embeddable":true,"href":"https:\/\/tvsensor.com\/api\/wp\/v2\/comments?post=21322"}],"version-history":[{"count":2,"href":"https:\/\/tvsensor.com\/api\/wp\/v2\/posts\/21322\/revisions"}],"predecessor-version":[{"id":21325,"href":"https:\/\/tvsensor.com\/api\/wp\/v2\/posts\/21322\/revisions\/21325"}],"wp:featuredmedia":[{"embeddable":true,"href":"https:\/\/tvsensor.com\/api\/wp\/v2\/media\/21323"}],"wp:attachment":[{"href":"https:\/\/tvsensor.com\/api\/wp\/v2\/media?parent=21322"}],"wp:term":[{"taxonomy":"category","embeddable":true,"href":"https:\/\/tvsensor.com\/api\/wp\/v2\/categories?post=21322"},{"taxonomy":"post_tag","embeddable":true,"href":"https:\/\/tvsensor.com\/api\/wp\/v2\/tags?post=21322"}],"curies":[{"name":"wp","href":"https:\/\/api.w.org\/{rel}","templated":true}]}}