{"id":21288,"date":"2020-12-20T08:14:42","date_gmt":"2020-12-20T07:14:42","guid":{"rendered":"https:\/\/senzor.ba\/?p=21288"},"modified":"2024-01-15T21:41:21","modified_gmt":"2024-01-15T20:41:21","slug":"otovrena-biralista-u-mostaru","status":"publish","type":"post","link":"https:\/\/tvsensor.com\/clanak\/otovrena-biralista-u-mostaru\/","title":{"rendered":"Otovrena birali\u0161ta u Mostaru"},"content":{"rendered":"\n<p>U Mostaru su jutros u 7 sati otvorena birali\u0161ta na kojima 100.864 gra\u0111ana s pravom glasa bira novi saziv Gradskog vije\u0107a.<\/p>\n\n\n\n<p>To su prvi lokalni izbori u Gradu na Neretvi nakon 12 godina, a za mjesto u Gradskom vije\u0107u takmi\u010di se se 370 kandidata iz 31 politi\u010dkog subjekta (22 politi\u010dke stranke, 5 koalicija i 4 nezavisna kandidata).<\/p>\n\n\n\n<p>Glasa se na 150 redovnih bira\u010dkih mjesta, 16 bira\u010dkih mjesta u odsustvu, na jednom bira\u010dkom mjestu za glasanje na nepotvr\u0111enim glasa\u010dkim listi\u0107ima, a formirano je i 20 redovitih mobilnih timova.<\/p>\n\n\n\n<p>Tu su i posebni covid-19 mobilni timovi za osobe oboljele od covida-19, kao i za osobe kojima je izre\u010dena mjera samoizolacije.<\/p>\n\n\n\n<p>Izborni proces nadzire 1.717 posmatra\u010da.<\/p>\n\n\n\n<p>Za razliku od ve\u0107ine ostalih gradova u Bosni i Hercegovini u Mostaru se gradona\u010delnik ne bira direktno, ve\u0107 \u0107e ga birati vije\u0107nici nakon konstituisanja novog saziva Gradskog vije\u0107a.<\/p>\n\n\n\n<p>Za izbor novog gradona\u010delnika potrebna je dvotre\u0107inska ve\u0107ina u Gradskom vije\u0107u, odnosno 24 vije\u0107nika. Ako nakon dva izborna kruga niti jedan od kandidata ne dobije potrebnu dvotre\u0107insku ve\u0107inu, u posljednjem krugu dovoljna je natpolovi\u010dna ve\u0107ina, odnosno 18 vije\u0107nika.<\/p>\n\n\n\n<p>U slu\u010daju da u posljednjem krugu dva preostala kandidata dobiju isti broj glasova gradona\u010delnik \u0107e postati mla\u0111i kandidat.<\/p>\n\n\n\n<p>Posljednji lokalni izbori u Mostaru odr\u017eani su 2008. godine prema pravilima koja je 2004. godine nametnu tada\u0161nji visoki predstavnika Paddy Ashdown.<\/p>\n\n\n\n<p>Gradsko vije\u0107e Mostara raspu\u0161teno je 2012. godine po isteku mandata, a s obzirom da u me\u0111uvremenu nije postignut politi\u010dki dogovor o izmjenama Izbornog zakona BiH i gradskog statuta, lokalni izbori nisu odr\u017eani 2012. i 2016. godine.<\/p>\n\n\n\n<p>U Gradskom vije\u0107u Mostara postoje nacionalne kvote, pa tako ni jedan konstitutivni narod ne mo\u017ee imati vi\u0161e od 15 vije\u0107nika, dok je minimalna kvota \u010detiri vije\u0107nika za svaki konstitutivni narod.<\/p>\n\n\n\n<p>federalna.ba<\/p>\n","protected":false},"excerpt":{"rendered":"<p>U Mostaru su jutros u 7 sati otvorena birali\u0161ta na kojima 100.864 gra\u0111ana s pravom glasa bira novi saziv Gradskog vije\u0107a. To su prvi lokalni izbori u Gradu na Neretvi nakon 12 godina, a za mjesto u Gradskom vije\u0107u takmi\u010di se se 370 kandidata iz 31 politi\u010dkog subjekta (22 politi\u010dke stranke, 5 koalicija i 4 [&hellip;]<\/p>\n","protected":false},"author":7,"featured_media":21289,"comment_status":"closed","ping_status":"closed","sticky":false,"template":"","format":"standard","meta":{"inline_featured_image":false,"footnotes":""},"categories":[37,38],"tags":[],"class_list":{"0":"post-21288","1":"post","2":"type-post","3":"status-publish","4":"format-standard","5":"has-post-thumbnail","7":"category-vijesti","8":"category-vijesti-iz-bih"},"acf":[],"_links":{"self":[{"href":"https:\/\/tvsensor.com\/api\/wp\/v2\/posts\/21288","targetHints":{"allow":["GET"]}}],"collection":[{"href":"https:\/\/tvsensor.com\/api\/wp\/v2\/posts"}],"about":[{"href":"https:\/\/tvsensor.com\/api\/wp\/v2\/types\/post"}],"author":[{"embeddable":true,"href":"https:\/\/tvsensor.com\/api\/wp\/v2\/users\/7"}],"replies":[{"embeddable":true,"href":"https:\/\/tvsensor.com\/api\/wp\/v2\/comments?post=21288"}],"version-history":[{"count":2,"href":"https:\/\/tvsensor.com\/api\/wp\/v2\/posts\/21288\/revisions"}],"predecessor-version":[{"id":21291,"href":"https:\/\/tvsensor.com\/api\/wp\/v2\/posts\/21288\/revisions\/21291"}],"wp:featuredmedia":[{"embeddable":true,"href":"https:\/\/tvsensor.com\/api\/wp\/v2\/media\/21289"}],"wp:attachment":[{"href":"https:\/\/tvsensor.com\/api\/wp\/v2\/media?parent=21288"}],"wp:term":[{"taxonomy":"category","embeddable":true,"href":"https:\/\/tvsensor.com\/api\/wp\/v2\/categories?post=21288"},{"taxonomy":"post_tag","embeddable":true,"href":"https:\/\/tvsensor.com\/api\/wp\/v2\/tags?post=21288"}],"curies":[{"name":"wp","href":"https:\/\/api.w.org\/{rel}","templated":true}]}}