{"id":21259,"date":"2020-12-19T11:47:16","date_gmt":"2020-12-19T10:47:16","guid":{"rendered":"https:\/\/senzor.ba\/?p=21259"},"modified":"2024-01-15T21:41:21","modified_gmt":"2024-01-15T20:41:21","slug":"za-sada-nema-nista-od-smjene-ili-rekonstrukcije-vlade-bpk-gorazde","status":"publish","type":"post","link":"https:\/\/tvsensor.com\/clanak\/za-sada-nema-nista-od-smjene-ili-rekonstrukcije-vlade-bpk-gorazde\/","title":{"rendered":"Za sada nema ni\u0161ta od smjene ili rekonstrukcije Vlade BPK-Gora\u017ede"},"content":{"rendered":"\n<p>Iako je bilo najavljeno da \u0107e se to desiti, za sada nema ni\u0161ta od smjene ili rekonstrukcije Vlade BPK-Gora\u017ede. Ve\u0107inu u kantonalnom parlamentu predvode SDA i Nezavisna bosanskohercegova\u010dka lista.<\/p>\n\n\n\n<p>I jedni i drugi priznaju kako su nakon lokalnih izbora pregovarali sa Liberalnom strankom o ulasku u vlast, \u0161to bi zna\u010dilo raskid trenutne koalicije. Iako dogovor nije postignut, povjerenje je naru\u0161eno i samo je pitanje vremena kada \u0107e se ponovno aktuelizirati pri\u010da o uspostavi nove ve\u0107ine.<\/p>\n\n\n\n<p>Iz SDA, ali i Liberalne stranke , ka\u017eu kako je razgovore o promjeni vlasti inicirao lider NBL-a u Gora\u017edu Muhamed Ramovi\u0107. Poslanik LS-a u Skup\u0161tini BPK Gora\u017ede Rasim Mujagi\u0107 ka\u017ee kako je to Ramovi\u0107 uradio da bi izgubljenu gradona\u010delni\u010dku poziciju zamijenio premijerskom. Sli\u010dnog mi\u0161ljenja je i Mirsad \u017duga, predsjednik KO SDA Gora\u017ede, koji je rekao da su takve informacije stigle do njega i da SDA nije imala drugog rje\u0161enja ve\u0107 da i sami po\u010dnu sa pregovorima kako bi zadr\u017eali svoju poziciju u vlasti.<\/p>\n\n\n\n<p>Sve ove navode Ramovi\u0107 iz NBL demantira, tvrde\u0107i kako nema ambicija da bude premijer i da je to javno rekao na pres-konferenciji koju je odr\u017eao nakon lokalnih izbora i poraza u utrci za \u010detvrti gradona\u010delni\u010dki mandat.<\/p>\n\n\n\n<p>Zaklju\u010dak je da aktuelna vlast ostaje, ali koliko dugo &#8211; tek \u0107e se vidjeti. Za sada je jedino sigurno da su pregovori o ulasku Liberalne stranke u vlast naru\u0161ili povjerenje me\u0111u koalicionim partnerima pa nije isklju\u010deno da do promjene skup\u0161tinske ve\u0107ine zaista i do\u0111e.<\/p>\n\n\n\n<p>federalna.ba<\/p>\n","protected":false},"excerpt":{"rendered":"<p>Iako je bilo najavljeno da \u0107e se to desiti, za sada nema ni\u0161ta od smjene ili rekonstrukcije Vlade BPK-Gora\u017ede. Ve\u0107inu u kantonalnom parlamentu predvode SDA i Nezavisna bosanskohercegova\u010dka lista. I jedni i drugi priznaju kako su nakon lokalnih izbora pregovarali sa Liberalnom strankom o ulasku u vlast, \u0161to bi zna\u010dilo raskid trenutne koalicije. Iako dogovor [&hellip;]<\/p>\n","protected":false},"author":7,"featured_media":21260,"comment_status":"closed","ping_status":"closed","sticky":false,"template":"","format":"standard","meta":{"inline_featured_image":false,"footnotes":""},"categories":[234,37,38],"tags":[],"class_list":{"0":"post-21259","1":"post","2":"type-post","3":"status-publish","4":"format-standard","5":"has-post-thumbnail","7":"category-politika","8":"category-vijesti","9":"category-vijesti-iz-bih"},"acf":[],"_links":{"self":[{"href":"https:\/\/tvsensor.com\/api\/wp\/v2\/posts\/21259","targetHints":{"allow":["GET"]}}],"collection":[{"href":"https:\/\/tvsensor.com\/api\/wp\/v2\/posts"}],"about":[{"href":"https:\/\/tvsensor.com\/api\/wp\/v2\/types\/post"}],"author":[{"embeddable":true,"href":"https:\/\/tvsensor.com\/api\/wp\/v2\/users\/7"}],"replies":[{"embeddable":true,"href":"https:\/\/tvsensor.com\/api\/wp\/v2\/comments?post=21259"}],"version-history":[{"count":2,"href":"https:\/\/tvsensor.com\/api\/wp\/v2\/posts\/21259\/revisions"}],"predecessor-version":[{"id":21262,"href":"https:\/\/tvsensor.com\/api\/wp\/v2\/posts\/21259\/revisions\/21262"}],"wp:featuredmedia":[{"embeddable":true,"href":"https:\/\/tvsensor.com\/api\/wp\/v2\/media\/21260"}],"wp:attachment":[{"href":"https:\/\/tvsensor.com\/api\/wp\/v2\/media?parent=21259"}],"wp:term":[{"taxonomy":"category","embeddable":true,"href":"https:\/\/tvsensor.com\/api\/wp\/v2\/categories?post=21259"},{"taxonomy":"post_tag","embeddable":true,"href":"https:\/\/tvsensor.com\/api\/wp\/v2\/tags?post=21259"}],"curies":[{"name":"wp","href":"https:\/\/api.w.org\/{rel}","templated":true}]}}