{"id":21241,"date":"2020-12-19T11:19:14","date_gmt":"2020-12-19T10:19:14","guid":{"rendered":"https:\/\/senzor.ba\/?p=21241"},"modified":"2024-01-15T21:41:22","modified_gmt":"2024-01-15T20:41:22","slug":"fk-zeljeznicar-prva-nagrada-admir-dzubur-samiru-bekricu","status":"publish","type":"post","link":"https:\/\/tvsensor.com\/clanak\/fk-zeljeznicar-prva-nagrada-admir-dzubur-samiru-bekricu\/","title":{"rendered":"FK \u017deljezni\u010dar: Prva nagrada &#8220;Admir D\u017eubur&#8221; Samiru Bekri\u0107u"},"content":{"rendered":"\n<p>U Plavom salonu na Stadionu Grbavica, uru\u010dena je prva nagrada za uposlenika godine \u201cAdmir D\u017eubur\u201d, a odabirom \u017eirija sastavljenog od rukovodstva Kluba, naradu je osvojio prvotimac Samir Bekri\u0107.<\/p>\n\n\n\n<p>Ceremoniji koja se odr\u017eala u Plavom salonu, uz po\u0161tivanje svih epidemiolo\u0161kih mjera, prisustvovali su prijatelji, a inicijator i organizator ovog doga\u0111aja, Kerim Karavdi\u0107, isti\u010de da su djela Admira D\u017eubura velika zada\u0107a za sve koji su u Klubu.<\/p>\n\n\n\n<p>\u2013 Velika mi je \u010dast \u0161to smo sproveli ideju odr\u017eavanja tradicionalne nagrade \u201cAdmir D\u017eubur\u201d iz prostog razloga \u0161to djela koja je on ostavio u mo\u017eda i najte\u017eim vremenima za na\u0161 Klub daju nam veliku zada\u0107u kako nastaviti dalje, kako se boriti za \u017deljezni\u010dar i kako jednostavno biti jo\u0161 bolji. Ova nagrada \u0107e se odr\u017eavati svake godine i mislim da \u0107e dati znak svim uposlenicima i svim na\u0161im igra\u010dima, napominjati ih kako treba biti borben i po\u017ertvovan do posljednjeg momenta. Komisija je izabrala Bekri\u0107a, on je jednostavno za veoma kratko vrijeme pokazao neke karakteristike koje je upravo imao na\u0161 predsjednik, liderstvo, iskustvo, veliko srce, veliku borbenost, zalaganje i dokazao da je drug na terenu, istakao je Karavdi\u0107, \u010dlan Upravnog odbora FK \u017deljezni\u010dar.<\/p>\n\n\n\n<p>Nagradu je Bekri\u0107u uru\u010dio Damir D\u017eubur, sin preminulog predsjednika FK \u017deljezni\u010dar.<\/p>\n\n\n\n<p>\u2013 Uz svog oca sam zavolio \u017delju od malih nogu, on me nau\u010dio sve ono \u0161to danas znam o \u017delji. Ovim putem se zahvaljujem Klubu i svim ljudima koji su vrijedno radili uz mog oca i koju su na kraju inicirali dodjelu ove nagrade. Svima \u017eelim sretan rad u nastavku, da nastavimo stope i mog oca i ostalih radnih kolega. Moja porodica i ja \u0107emo uvijek biti uz \u017deljezni\u010dar i nastavit \u0107emo tradiciju, nastavit \u0107emo ono \u0161to je moj otac radio i za \u0161ta se zalagao. U\u010dinili ste mi veliko zadovoljstvo, ponosan sam na oca i siguran sam da i on negdje ovo gleda i da je ponosan na sve nas \u0161to smo ga se na ovaj na\u010din sjetili i odali mu po\u010dast, rekao je Damir D\u017eubur.<\/p>\n\n\n\n<p>\u2013 Prije svega \u017eelio bih da se zahvalim \u017eiriju, pripala mi je velika \u010dast \u0161to sam dobio ovu nagradu u sje\u0107anje na na\u0161eg predsjednika koji je puno dao za nas i na\u0161 Klub. Mi \u0107emo biti na usluzi njegovoj porodici i trudit \u0107emo da ispunimo njegove \u017eelje, da budemo \u0161to bolji i da \u0161to prije vratimo trofej na Grbavicu, kazao je Samir Bekri\u0107.<\/p>\n\n\n\n<p>federalna.ba<\/p>\n","protected":false},"excerpt":{"rendered":"<p>U Plavom salonu na Stadionu Grbavica, uru\u010dena je prva nagrada za uposlenika godine \u201cAdmir D\u017eubur\u201d, a odabirom \u017eirija sastavljenog od rukovodstva Kluba, naradu je osvojio prvotimac Samir Bekri\u0107. Ceremoniji koja se odr\u017eala u Plavom salonu, uz po\u0161tivanje svih epidemiolo\u0161kih mjera, prisustvovali su prijatelji, a inicijator i organizator ovog doga\u0111aja, Kerim Karavdi\u0107, isti\u010de da su djela [&hellip;]<\/p>\n","protected":false},"author":7,"featured_media":21242,"comment_status":"closed","ping_status":"closed","sticky":false,"template":"","format":"standard","meta":{"inline_featured_image":false,"footnotes":""},"categories":[62,61],"tags":[],"class_list":{"0":"post-21241","1":"post","2":"type-post","3":"status-publish","4":"format-standard","5":"has-post-thumbnail","7":"category-nogomet","8":"category-sport"},"acf":[],"_links":{"self":[{"href":"https:\/\/tvsensor.com\/api\/wp\/v2\/posts\/21241","targetHints":{"allow":["GET"]}}],"collection":[{"href":"https:\/\/tvsensor.com\/api\/wp\/v2\/posts"}],"about":[{"href":"https:\/\/tvsensor.com\/api\/wp\/v2\/types\/post"}],"author":[{"embeddable":true,"href":"https:\/\/tvsensor.com\/api\/wp\/v2\/users\/7"}],"replies":[{"embeddable":true,"href":"https:\/\/tvsensor.com\/api\/wp\/v2\/comments?post=21241"}],"version-history":[{"count":2,"href":"https:\/\/tvsensor.com\/api\/wp\/v2\/posts\/21241\/revisions"}],"predecessor-version":[{"id":21244,"href":"https:\/\/tvsensor.com\/api\/wp\/v2\/posts\/21241\/revisions\/21244"}],"wp:featuredmedia":[{"embeddable":true,"href":"https:\/\/tvsensor.com\/api\/wp\/v2\/media\/21242"}],"wp:attachment":[{"href":"https:\/\/tvsensor.com\/api\/wp\/v2\/media?parent=21241"}],"wp:term":[{"taxonomy":"category","embeddable":true,"href":"https:\/\/tvsensor.com\/api\/wp\/v2\/categories?post=21241"},{"taxonomy":"post_tag","embeddable":true,"href":"https:\/\/tvsensor.com\/api\/wp\/v2\/tags?post=21241"}],"curies":[{"name":"wp","href":"https:\/\/api.w.org\/{rel}","templated":true}]}}