{"id":21237,"date":"2020-12-19T11:11:54","date_gmt":"2020-12-19T10:11:54","guid":{"rendered":"https:\/\/senzor.ba\/?p=21237"},"modified":"2024-01-15T21:41:22","modified_gmt":"2024-01-15T20:41:22","slug":"sarajevska-policija-traga-za-nadi-majci-i-sanci","status":"publish","type":"post","link":"https:\/\/tvsensor.com\/clanak\/sarajevska-policija-traga-za-nadi-majci-i-sanci\/","title":{"rendered":"Sarajevska policija traga za Nadi, Maj\u010di i San\u010di"},"content":{"rendered":"\n<p>Sarajevska policija traga za tri djevojke zbog krivi\u010dnog djela Kra\u0111a iz \u010dlana 286 KZ F BiH, potvr\u0111eno je iz Ministarstva unutra\u0161njih poslova Kantona Sarajevo.<\/p>\n\n\n\n<p>Kako je saop\u0107eno iz MUP-a, Op\u0107inski sud Sarajevo raspisao je potjernice za Nadom Ibraimovi\u0107 Nadi, Majom Red\u017eepi Maj\u010di i Sanelom Hrusti\u0107 San\u010di.<\/p>\n\n\n\n<p>Iz policije napominju da gra\u0111ani u slu\u010daju korisnih saznanja mogu obavijestiti MUP Kantona Sarajevo, &#8211; Operativni centar &#8211; 122.<\/p>\n\n\n\n<p>Dodatne informacije o krivi\u010dnom djelu zbog kojih se tri djevojke tra\u017ee &#8211; nisu saop\u0107ene.<\/p>\n\n\n\n<p>N1<\/p>\n","protected":false},"excerpt":{"rendered":"<p>Sarajevska policija traga za tri djevojke zbog krivi\u010dnog djela Kra\u0111a iz \u010dlana 286 KZ F BiH, potvr\u0111eno je iz Ministarstva unutra\u0161njih poslova Kantona Sarajevo. Kako je saop\u0107eno iz MUP-a, Op\u0107inski sud Sarajevo raspisao je potjernice za Nadom Ibraimovi\u0107 Nadi, Majom Red\u017eepi Maj\u010di i Sanelom Hrusti\u0107 San\u010di. Iz policije napominju da gra\u0111ani u slu\u010daju korisnih saznanja [&hellip;]<\/p>\n","protected":false},"author":7,"featured_media":21238,"comment_status":"closed","ping_status":"closed","sticky":false,"template":"","format":"standard","meta":{"inline_featured_image":false,"footnotes":""},"categories":[37,38],"tags":[],"class_list":{"0":"post-21237","1":"post","2":"type-post","3":"status-publish","4":"format-standard","5":"has-post-thumbnail","7":"category-vijesti","8":"category-vijesti-iz-bih"},"acf":[],"_links":{"self":[{"href":"https:\/\/tvsensor.com\/api\/wp\/v2\/posts\/21237","targetHints":{"allow":["GET"]}}],"collection":[{"href":"https:\/\/tvsensor.com\/api\/wp\/v2\/posts"}],"about":[{"href":"https:\/\/tvsensor.com\/api\/wp\/v2\/types\/post"}],"author":[{"embeddable":true,"href":"https:\/\/tvsensor.com\/api\/wp\/v2\/users\/7"}],"replies":[{"embeddable":true,"href":"https:\/\/tvsensor.com\/api\/wp\/v2\/comments?post=21237"}],"version-history":[{"count":2,"href":"https:\/\/tvsensor.com\/api\/wp\/v2\/posts\/21237\/revisions"}],"predecessor-version":[{"id":21240,"href":"https:\/\/tvsensor.com\/api\/wp\/v2\/posts\/21237\/revisions\/21240"}],"wp:featuredmedia":[{"embeddable":true,"href":"https:\/\/tvsensor.com\/api\/wp\/v2\/media\/21238"}],"wp:attachment":[{"href":"https:\/\/tvsensor.com\/api\/wp\/v2\/media?parent=21237"}],"wp:term":[{"taxonomy":"category","embeddable":true,"href":"https:\/\/tvsensor.com\/api\/wp\/v2\/categories?post=21237"},{"taxonomy":"post_tag","embeddable":true,"href":"https:\/\/tvsensor.com\/api\/wp\/v2\/tags?post=21237"}],"curies":[{"name":"wp","href":"https:\/\/api.w.org\/{rel}","templated":true}]}}