{"id":21233,"date":"2020-12-19T10:54:07","date_gmt":"2020-12-19T09:54:07","guid":{"rendered":"https:\/\/senzor.ba\/?p=21233"},"modified":"2024-01-15T21:41:22","modified_gmt":"2024-01-15T20:41:22","slug":"uz-najavu-bh-vlasti-da-ce-rijesiti-status-lipe-iom-ostaje-do-ponedjeljka","status":"publish","type":"post","link":"https:\/\/tvsensor.com\/clanak\/uz-najavu-bh-vlasti-da-ce-rijesiti-status-lipe-iom-ostaje-do-ponedjeljka\/","title":{"rendered":"Uz najavu bh. vlasti da \u0107e rije\u0161iti status Lipe, IOM ostaje do ponedjeljka"},"content":{"rendered":"\n<p>IOM ostaje u prihvatnom kampu Lipa do ponedjeljka, uz najavu, kako ka\u017eu, bh. vlasti da \u0107e u ponedjeljak rije\u0161iti status ovog kampa, odnosno priznati ga kao privremeni prihvatni centar i na taj na\u010din omogu\u0107iti pripremu za boravak migranata u njemu tokom zime.<\/p>\n\n\n\n<p>Ukoliko se to ne realizira, IOM zatvara ovaj kamp i 1.200 migranata ostat \u0107e bez osnovnih uvjeta za \u017eivot.<\/p>\n\n\n\n<p>federalna.ba<\/p>\n","protected":false},"excerpt":{"rendered":"<p>IOM ostaje u prihvatnom kampu Lipa do ponedjeljka, uz najavu, kako ka\u017eu, bh. vlasti da \u0107e u ponedjeljak rije\u0161iti status ovog kampa, odnosno priznati ga kao privremeni prihvatni centar i na taj na\u010din omogu\u0107iti pripremu za boravak migranata u njemu tokom zime. Ukoliko se to ne realizira, IOM zatvara ovaj kamp i 1.200 migranata ostat [&hellip;]<\/p>\n","protected":false},"author":7,"featured_media":21234,"comment_status":"closed","ping_status":"closed","sticky":false,"template":"","format":"standard","meta":{"inline_featured_image":false,"footnotes":""},"categories":[37,38],"tags":[],"class_list":{"0":"post-21233","1":"post","2":"type-post","3":"status-publish","4":"format-standard","5":"has-post-thumbnail","7":"category-vijesti","8":"category-vijesti-iz-bih"},"acf":[],"_links":{"self":[{"href":"https:\/\/tvsensor.com\/api\/wp\/v2\/posts\/21233","targetHints":{"allow":["GET"]}}],"collection":[{"href":"https:\/\/tvsensor.com\/api\/wp\/v2\/posts"}],"about":[{"href":"https:\/\/tvsensor.com\/api\/wp\/v2\/types\/post"}],"author":[{"embeddable":true,"href":"https:\/\/tvsensor.com\/api\/wp\/v2\/users\/7"}],"replies":[{"embeddable":true,"href":"https:\/\/tvsensor.com\/api\/wp\/v2\/comments?post=21233"}],"version-history":[{"count":2,"href":"https:\/\/tvsensor.com\/api\/wp\/v2\/posts\/21233\/revisions"}],"predecessor-version":[{"id":21236,"href":"https:\/\/tvsensor.com\/api\/wp\/v2\/posts\/21233\/revisions\/21236"}],"wp:featuredmedia":[{"embeddable":true,"href":"https:\/\/tvsensor.com\/api\/wp\/v2\/media\/21234"}],"wp:attachment":[{"href":"https:\/\/tvsensor.com\/api\/wp\/v2\/media?parent=21233"}],"wp:term":[{"taxonomy":"category","embeddable":true,"href":"https:\/\/tvsensor.com\/api\/wp\/v2\/categories?post=21233"},{"taxonomy":"post_tag","embeddable":true,"href":"https:\/\/tvsensor.com\/api\/wp\/v2\/tags?post=21233"}],"curies":[{"name":"wp","href":"https:\/\/api.w.org\/{rel}","templated":true}]}}