{"id":21216,"date":"2020-12-19T08:59:53","date_gmt":"2020-12-19T07:59:53","guid":{"rendered":"https:\/\/senzor.ba\/?p=21216"},"modified":"2024-01-15T21:41:23","modified_gmt":"2024-01-15T20:41:23","slug":"erdogan-i-komsic-o-jacanju-odnosa-turske-i-bih-i-regionalnim-pitanjima","status":"publish","type":"post","link":"https:\/\/tvsensor.com\/clanak\/erdogan-i-komsic-o-jacanju-odnosa-turske-i-bih-i-regionalnim-pitanjima\/","title":{"rendered":"Erdogan i Kom\u0161i\u0107 o ja\u010danju odnosa Turske i BiH i regionalnim pitanjima"},"content":{"rendered":"\n<p>Predsjednik Republike Turske Recep Tayyip Erdogan i \u010dlan Predsjedni\u0161tva Bosne i Hercegovine \u017deljko Kom\u0161i\u0107 razgovarali su telefonom.<\/p>\n\n\n\n<p>U saop\u0107enju Kabineta turskog predsjednika navodi se da su Erdogan i Kom\u0161i\u0107 razgovarali o dodatnom ja\u010danju odnosa Turske i Bosne i Hercegovine te o regionalnim pitanjima, prenosi Anadolu Agency (AA).<\/p>\n\n\n\n<p>Erdogan je tokom razgovora kazao da Turska pru\u017ea svaki vid podr\u0161ke jedinstvu, integritetu, stabilnosti i miru u Bosni i Hercegovini te da \u0107e to \u010diniti i ubudu\u0107e.<\/p>\n\n\n\n<p>\u010clan Predsjedni\u0161tva BiH Kom\u0161i\u0107 i &nbsp;turski predsjednik Erdogan razgovarali su o izgradnji autoputa Beograd &#8211; Sarajevo, kazao je za Fenu Nihad Hebibovi\u0107 savjetnik \u010dlana Predsjedni\u0161tva BiH \u017deljka Kom\u0161i\u0107a.<\/p>\n","protected":false},"excerpt":{"rendered":"<p>Predsjednik Republike Turske Recep Tayyip Erdogan i \u010dlan Predsjedni\u0161tva Bosne i Hercegovine \u017deljko Kom\u0161i\u0107 razgovarali su telefonom. U saop\u0107enju Kabineta turskog predsjednika navodi se da su Erdogan i Kom\u0161i\u0107 razgovarali o dodatnom ja\u010danju odnosa Turske i Bosne i Hercegovine te o regionalnim pitanjima, prenosi Anadolu Agency (AA). Erdogan je tokom razgovora kazao da Turska pru\u017ea [&hellip;]<\/p>\n","protected":false},"author":7,"featured_media":21217,"comment_status":"closed","ping_status":"closed","sticky":false,"template":"","format":"standard","meta":{"inline_featured_image":false,"footnotes":""},"categories":[37,38],"tags":[],"class_list":{"0":"post-21216","1":"post","2":"type-post","3":"status-publish","4":"format-standard","5":"has-post-thumbnail","7":"category-vijesti","8":"category-vijesti-iz-bih"},"acf":[],"_links":{"self":[{"href":"https:\/\/tvsensor.com\/api\/wp\/v2\/posts\/21216","targetHints":{"allow":["GET"]}}],"collection":[{"href":"https:\/\/tvsensor.com\/api\/wp\/v2\/posts"}],"about":[{"href":"https:\/\/tvsensor.com\/api\/wp\/v2\/types\/post"}],"author":[{"embeddable":true,"href":"https:\/\/tvsensor.com\/api\/wp\/v2\/users\/7"}],"replies":[{"embeddable":true,"href":"https:\/\/tvsensor.com\/api\/wp\/v2\/comments?post=21216"}],"version-history":[{"count":2,"href":"https:\/\/tvsensor.com\/api\/wp\/v2\/posts\/21216\/revisions"}],"predecessor-version":[{"id":21219,"href":"https:\/\/tvsensor.com\/api\/wp\/v2\/posts\/21216\/revisions\/21219"}],"wp:featuredmedia":[{"embeddable":true,"href":"https:\/\/tvsensor.com\/api\/wp\/v2\/media\/21217"}],"wp:attachment":[{"href":"https:\/\/tvsensor.com\/api\/wp\/v2\/media?parent=21216"}],"wp:term":[{"taxonomy":"category","embeddable":true,"href":"https:\/\/tvsensor.com\/api\/wp\/v2\/categories?post=21216"},{"taxonomy":"post_tag","embeddable":true,"href":"https:\/\/tvsensor.com\/api\/wp\/v2\/tags?post=21216"}],"curies":[{"name":"wp","href":"https:\/\/api.w.org\/{rel}","templated":true}]}}