{"id":21208,"date":"2020-12-19T08:19:22","date_gmt":"2020-12-19T07:19:22","guid":{"rendered":"https:\/\/senzor.ba\/?p=21208"},"modified":"2024-01-15T21:41:23","modified_gmt":"2024-01-15T20:41:23","slug":"sattler-dodik-se-pokazao-korisnim-covic-i-izetbegovic-svaka-cast","status":"publish","type":"post","link":"https:\/\/tvsensor.com\/clanak\/sattler-dodik-se-pokazao-korisnim-covic-i-izetbegovic-svaka-cast\/","title":{"rendered":"Sattler: Dodik se pokazao korisnim, \u010covi\u0107 i Izetbegovi\u0107 &#8211; &#8220;svaka \u010dast&#8221;"},"content":{"rendered":"\n<p>Johan Sattler, \u0161ef Delegacije Evropske unije u Bosni i Hercegovini, kratko je komentarisao rad lidera tri najve\u0107e stranke u Bosni i Hercegovini, Milorada Dodika, Bakira Izetbegovi\u0107a i Dragana \u010covi\u0107a. Dodika je komentarisao u kontekstu pribli\u017eavanja BiH na putu ka EU, dok je drugu dvojicu gledao kroz prizmu osiguravanja izbora u Mostaru, te razgovoru oko Izbornog zakona.<\/p>\n\n\n\n<p>&#8220;Postignut je sporazum u Mostaru, mnogi su me obeshrabrivali po tom pitanju, a izbori u Mostaru su prvi od 14 prioriteta. Imate jedini grad na evropskom kontitentu koji nije imao 12 godina izbore. Uspjeli smo. Dva strana\u010dka lidera su se usaglasila, i oko presuda. Mislim da je ovo pitanje rje\u0161ivo. Sada kada je omogu\u0107en sporazum o Mostaru, sada su tu i druge komponente. Trebat \u0107e sna\u017eniji duh kompromisa, razmi\u0161ljati o \u0161iroj slici&#8221;<strong>,<\/strong>\u00a0kazao je.<\/p>\n\n\n\n<p>Sattler je u prvom intervjuu na N1, kada je stupio na funkciju, rekao da \u0107e dr\u017eati \u010covi\u0107a i Izetbegovi\u0107a za rije\u010d oko izbora u Mostaru. Da li su ispunili obe\u0107anja?<\/p>\n\n\n\n<p>&#8220;Ispunili su. Svaka \u010dast, kao \u0161to sam rekao. Svi\u0111a mi se to u politici. Nekada se desi, \u010de\u0161\u0107e se ne desi, ali politi\u010dari znaju ispuniti svoja obe\u0107anja. Vjerujte, nije bilo jednostavno ni jednom od njih dvojice. Trebalo je hrabrosti i kompromisa od obojice. Mogu ih ohrabriti da u tom odnosu i nastave u 2021. Godini, vezano za presude me\u0111unarodnog suda i Izbornog zakona&#8221;,\u00a0rekao je.<\/p>\n\n\n\n<p>Izbori u Mostaru su proslava demokratije, rekao je Sattler.<\/p>\n\n\n\n<p>&#8220;Bio sam tamo, sreo se sa maldim ljudima, \u017eele iza\u0107i na birali\u0161ta. Va\u017ean je dan nakon izbora, sedmice i mjeseci, da se okrene nova stranica u Mostaru, da imamo Gradsku upravu koja \u0107e po\u010deti rje\u0161avati probleme. Nemojte podcjenjivati mo\u0107 svog glasa&#8221;,\u00a0poru\u010dio je Sattler.<\/p>\n\n\n\n<p>Hu\u0161ka\u010dka retorika, ne prili\u010di politi\u010darima ni mladim, istakao je Sattler. U proteklom periodu smo bili svjedocida takva vrsta retorike dolazi od Milorada Dodika. \u0160ta misli o ulozi Dodika u EU integracijama. Da li njegova politika \u0161tetna za napredak bih i njenih gra\u0111ana?<\/p>\n\n\n\n<p>&#8220;pokazao korisnim u mnogim slu\u010dajevima. Moj nadre\u0111eni, Borell, proveo je pola dana na temi izgradnje mira sa najistaknutijim li\u010dnostima. To je inspiracija, ali nije to samo po sebi dovoljno. Rane ne mogu zacijeliti ako ne vidimo aktiviranje i sa politi\u010dkog nivoa&#8221;<strong>,<\/strong>\u00a0rekao je Sattler.<\/p>\n\n\n\n<p>Dvije godine nakon izbora nema Vlade fbih. Mnogi odbijaju i razgovarati o tome. \u0160ta ka\u017ee EU?<\/p>\n\n\n\n<p>&#8220;To nije iznena\u0111enje, to je neshvatljivo. To na\u017ealost \u0161etetu nasnosi demokratskom procesu. Nije to toliko stra\u0161no kao izborna kra\u0111a, ali je jednako lo\u0161e. Pozivate ljude da glasaju, onda nemate provedbe izbornih rezultata. Opominjem odgovorne da po\u0161tuju volju glasa\u010da. To treba da bude dio razgovora i pregovora za 2021. godinu&#8221;, istakao je Johan Sattler.<\/p>\n\n\n\n<p>On je govorio i o o\u010dekivanjima (realnim) u 2021. godini.<\/p>\n\n\n\n<p>&#8220;Ovo je sa li\u010dne strane, godina koju ne\u0107emo zaboraviti. Svi smo mnogo toga pro\u0161li, mnogi su izgubili \u010dlanove porodice, poslove, ja sam izgubio kolegu i saradnika. Vidjeli smo mnogo solidarnosti. O tome \u017eelim da razmi\u0161ljam. Koliko je podr\u0161ke osigurano kroz udru\u017eenja i humanitarne organizacije da bi se pomoglo&#8221;,\u00a0rekao je.<\/p>\n\n\n\n<p>&#8220;\u0160to se politi\u010dke strane ti\u010de &#8211; 2021. vjerujem da \u0107e biti godina koju \u0107e ova zemlja iskoristiti da sagleda \u0161iru sliku. Prilike se javljaju i nestaju. Bilo je poku\u0161aja ranije, ali su se izjaloviji. Neki su bili blizu rezultata. Prilika koja se javlja 2021. je dragocjena, dugo ne\u0107emo imati takvu priliku. Nadam se da \u0107e se i iskoristiti. Svaki gra\u0111anin ove zemlje \u017eeli novi po\u010detak, sada, naredne godine, ne za 20 godina. te prilike treba iskoristitit. Vjerujem da ho\u0107e. EU i ja li\u010dno \u0107emo uraditi sve \u0161to mo\u017eemo da se to i desi&#8221;,\u00a0zaklju\u010dio je Sattler.<\/p>\n\n\n\n<p>N1<\/p>\n","protected":false},"excerpt":{"rendered":"<p>Johan Sattler, \u0161ef Delegacije Evropske unije u Bosni i Hercegovini, kratko je komentarisao rad lidera tri najve\u0107e stranke u Bosni i Hercegovini, Milorada Dodika, Bakira Izetbegovi\u0107a i Dragana \u010covi\u0107a. Dodika je komentarisao u kontekstu pribli\u017eavanja BiH na putu ka EU, dok je drugu dvojicu gledao kroz prizmu osiguravanja izbora u Mostaru, te razgovoru oko Izbornog [&hellip;]<\/p>\n","protected":false},"author":7,"featured_media":21209,"comment_status":"closed","ping_status":"closed","sticky":false,"template":"","format":"standard","meta":{"inline_featured_image":false,"footnotes":""},"categories":[37,38],"tags":[],"class_list":{"0":"post-21208","1":"post","2":"type-post","3":"status-publish","4":"format-standard","5":"has-post-thumbnail","7":"category-vijesti","8":"category-vijesti-iz-bih"},"acf":[],"_links":{"self":[{"href":"https:\/\/tvsensor.com\/api\/wp\/v2\/posts\/21208","targetHints":{"allow":["GET"]}}],"collection":[{"href":"https:\/\/tvsensor.com\/api\/wp\/v2\/posts"}],"about":[{"href":"https:\/\/tvsensor.com\/api\/wp\/v2\/types\/post"}],"author":[{"embeddable":true,"href":"https:\/\/tvsensor.com\/api\/wp\/v2\/users\/7"}],"replies":[{"embeddable":true,"href":"https:\/\/tvsensor.com\/api\/wp\/v2\/comments?post=21208"}],"version-history":[{"count":2,"href":"https:\/\/tvsensor.com\/api\/wp\/v2\/posts\/21208\/revisions"}],"predecessor-version":[{"id":21211,"href":"https:\/\/tvsensor.com\/api\/wp\/v2\/posts\/21208\/revisions\/21211"}],"wp:featuredmedia":[{"embeddable":true,"href":"https:\/\/tvsensor.com\/api\/wp\/v2\/media\/21209"}],"wp:attachment":[{"href":"https:\/\/tvsensor.com\/api\/wp\/v2\/media?parent=21208"}],"wp:term":[{"taxonomy":"category","embeddable":true,"href":"https:\/\/tvsensor.com\/api\/wp\/v2\/categories?post=21208"},{"taxonomy":"post_tag","embeddable":true,"href":"https:\/\/tvsensor.com\/api\/wp\/v2\/tags?post=21208"}],"curies":[{"name":"wp","href":"https:\/\/api.w.org\/{rel}","templated":true}]}}