{"id":21184,"date":"2020-12-17T13:40:25","date_gmt":"2020-12-17T12:40:25","guid":{"rendered":"https:\/\/senzor.ba\/?p=21184"},"modified":"2024-01-15T21:41:23","modified_gmt":"2024-01-15T20:41:23","slug":"profesor-zovko-prijeti-ili-ce-hrvati-biti-jednakopravni-u-federaciji-bih-il-je-nece-biti","status":"publish","type":"post","link":"https:\/\/tvsensor.com\/clanak\/profesor-zovko-prijeti-ili-ce-hrvati-biti-jednakopravni-u-federaciji-bih-il-je-nece-biti\/","title":{"rendered":"Profesor Zovko prijeti: \u201cIli \u0107e Hrvati biti jednakopravni u Federaciji BiH, il\u2019 je ne\u0107e biti\u201d"},"content":{"rendered":"\n<p><strong>\u2013 Vrijeme je da se bahatom Izetbegovi\u0107u po\u0161alje jasna poruka: \u201cIli \u0107e Hrvati biti jednakopravni u Federaciji BiH, il\u2019 je ne\u0107e biti\u201d. Republika Hrvatska kao potpisnica Daytonskog sporazuma obvezana je to u\u010diniti \u2013 napisao je Zovko u svom skandaloznom statusu.<\/strong><\/p>\n\n\n\n<p>Jure Zovko, profesor na Filozofskom fakultetu Sveu\u010dili\u0161ta u Zadru, komentirao je najnoviju izjavu predsjednika SDA Bakira Izetbegovi\u0107a, koji je kazao da \u0107e Bo\u0161njaci nakon izbora 2022. godine \u201crazbiti okove\u201d i blokade u domovima naroda.<\/p>\n\n\n\n<p>Zovko je kazao da je vrijeme da vlast Republike Hrvatske po\u0161alje Izetbegovi\u0107u jasnu poruku sadr\u017eaja \u201cIli \u0107e Hrvati biti jednakopravni u Federaciji BiH, il\u2019 je ne\u0107e biti\u201d. Njegov status na Facebooku prenosimo u cijelosti:<\/p>\n\n\n\n<p>\u2013 Islamisti\u010dki predsjednik SDA Bakir Izetbegovi\u0107 na predizbornom skupu u Mostaru ponovno je zaprijetio Hrvatima u BiH da \u0107e ih Bo\u0161njaci \u201cpreglasati na predsjedni\u010dkim izborima 2022.\u201d tj. poru\u010dio im da ne \u0107e mo\u0107i kao konstitutivni narod izabrati svoga \u010dlana Predsjedni\u0161tva u BiH. Hrvatska Vlada trebala bi odgovoriti na ovo drsko uskra\u0107ivanje elementarnih demokratskih prava Hrvatima kao konstitutivnom narodu u BiH. Vrijeme je da se bahatom Izetbegovi\u0107u po\u0161alje jasna poruka: \u201cIli \u0107e Hrvati biti jednakopravni u Federaciji BiH, il\u2019 je ne\u0107e biti\u201d. Republika Hrvatska kao potpisnica Daytonskog sporazuma obvezana je to u\u010diniti! \u2013 napisao je Zovko na Facebooku.<\/p>\n\n\n\n<figure class=\"wp-block-image\" id=\"attachment_428870\"><a href=\"https:\/\/www.bh-index.info\/wp-content\/uploads\/2020\/12\/zovko.png\"><img decoding=\"async\" src=\"https:\/\/www.bh-index.info\/wp-content\/uploads\/2020\/12\/zovko.png\" alt=\"\" class=\"wp-image-428870\"\/><\/a><\/figure>\n","protected":false},"excerpt":{"rendered":"<p>\u2013 Vrijeme je da se bahatom Izetbegovi\u0107u po\u0161alje jasna poruka: \u201cIli \u0107e Hrvati biti jednakopravni u Federaciji BiH, il\u2019 je ne\u0107e biti\u201d. Republika Hrvatska kao potpisnica Daytonskog sporazuma obvezana je to u\u010diniti \u2013 napisao je Zovko u svom skandaloznom statusu. Jure Zovko, profesor na Filozofskom fakultetu Sveu\u010dili\u0161ta u Zadru, komentirao je najnoviju izjavu predsjednika SDA [&hellip;]<\/p>\n","protected":false},"author":59,"featured_media":21185,"comment_status":"closed","ping_status":"closed","sticky":false,"template":"","format":"standard","meta":{"inline_featured_image":false,"footnotes":""},"categories":[40],"tags":[],"class_list":{"0":"post-21184","1":"post","2":"type-post","3":"status-publish","4":"format-standard","5":"has-post-thumbnail","7":"category-region"},"acf":[],"_links":{"self":[{"href":"https:\/\/tvsensor.com\/api\/wp\/v2\/posts\/21184","targetHints":{"allow":["GET"]}}],"collection":[{"href":"https:\/\/tvsensor.com\/api\/wp\/v2\/posts"}],"about":[{"href":"https:\/\/tvsensor.com\/api\/wp\/v2\/types\/post"}],"author":[{"embeddable":true,"href":"https:\/\/tvsensor.com\/api\/wp\/v2\/users\/59"}],"replies":[{"embeddable":true,"href":"https:\/\/tvsensor.com\/api\/wp\/v2\/comments?post=21184"}],"version-history":[{"count":1,"href":"https:\/\/tvsensor.com\/api\/wp\/v2\/posts\/21184\/revisions"}],"predecessor-version":[{"id":21186,"href":"https:\/\/tvsensor.com\/api\/wp\/v2\/posts\/21184\/revisions\/21186"}],"wp:featuredmedia":[{"embeddable":true,"href":"https:\/\/tvsensor.com\/api\/wp\/v2\/media\/21185"}],"wp:attachment":[{"href":"https:\/\/tvsensor.com\/api\/wp\/v2\/media?parent=21184"}],"wp:term":[{"taxonomy":"category","embeddable":true,"href":"https:\/\/tvsensor.com\/api\/wp\/v2\/categories?post=21184"},{"taxonomy":"post_tag","embeddable":true,"href":"https:\/\/tvsensor.com\/api\/wp\/v2\/tags?post=21184"}],"curies":[{"name":"wp","href":"https:\/\/api.w.org\/{rel}","templated":true}]}}