{"id":21098,"date":"2020-12-16T09:08:29","date_gmt":"2020-12-16T08:08:29","guid":{"rendered":"https:\/\/senzor.ba\/?p=21098"},"modified":"2024-01-15T21:41:26","modified_gmt":"2024-01-15T20:41:26","slug":"tegeltijina-ostavka-otvorila-brojna-pitanja-danas-nastavak-sjednice-vstv-a","status":"publish","type":"post","link":"https:\/\/tvsensor.com\/clanak\/tegeltijina-ostavka-otvorila-brojna-pitanja-danas-nastavak-sjednice-vstv-a\/","title":{"rendered":"Tegeltijina ostavka otvorila brojna pitanja, danas nastavak sjednice VSTV-a"},"content":{"rendered":"\n<p>Sjednica Visokog sudskog i tu\u017eiteljskog vije\u0107a Bosne i Hercegovine (VSTVBiH) u utorak je nakon vi\u0161esatne rasprave prekinuta, a njen nastavak zakazan je danas.<\/p>\n\n\n\n<p>Odluku o prolongiranju nastavka zasjedanja saop\u0107ila je potpredsjednica VSTV-a BiH Sanela Goru\u0161anovi\u0107- Butigan, poslije pauze koja je uslijedila radi usagla\u0161avanja stavova o postupanju VSTV-a BiH nakon \u0161to je predsjednik tog regulatornog tijela Milan Tegeltija saop\u0107io odluku o podno\u0161enju neopozive ostavke.<\/p>\n\n\n\n<p>Goru\u0161anovi\u0107-Butigan kazala je kako je jednom sudioniku zasjedanja pozlilo te da je sjednica usljed toga odgo\u0111ena.<\/p>\n\n\n\n<p>S obzirom na to da je Tegeltijina ostavka otvorila brojna pitanja u tehni\u010dkom i formalnom pogledu, \u010dlanovi VSTV-a su prethodno iznijeli vlastite stavove u vezi s procedurama koje slijede, a koje se ti\u010du izbora novih \u010dlanova i rukovodstva ovog regulatornog tijela, u skladu sa Zakonom o VSTV-u BiH i Poslovnikom.<\/p>\n\n\n\n<p>Izme\u0111u ostalog, na sjednici su razmatrana pitanja o na\u010dinu zakazivanja sjednica, nakon ostavke predsjednika, te o tome ko bi uime VSTV-a mogao biti potpisnik i istupati prema drugim institucijama\/tre\u0107im osobama.<\/p>\n\n\n\n<p>Mi\u0161ljenja \u010dlanova VSTV-a su bila podijeljena, a &#8216;u igri&#8217; su ostale varijante da se predsjednik VSTV-a bira na sjednici ili da se ovlasti osoba koja bi bila potpisnik uime Vije\u0107a.<\/p>\n\n\n\n<p>U vezi s tim, a radi definiranja na\u010dina postupanja u novonastalim okolnostima, zatra\u017eeno je mi\u0161ljenje Pravnog odjela VSTV-a, te je prethodno data pauza, a nakon koje je saop\u0107eno da se sjednica odga\u0111a, odnosno da \u0107e biti nastavljena u srijedu, 16. decembra.<\/p>\n\n\n\n<p>Fena<\/p>\n","protected":false},"excerpt":{"rendered":"<p>Sjednica Visokog sudskog i tu\u017eiteljskog vije\u0107a Bosne i Hercegovine (VSTVBiH) u utorak je nakon vi\u0161esatne rasprave prekinuta, a njen nastavak zakazan je danas. Odluku o prolongiranju nastavka zasjedanja saop\u0107ila je potpredsjednica VSTV-a BiH Sanela Goru\u0161anovi\u0107- Butigan, poslije pauze koja je uslijedila radi usagla\u0161avanja stavova o postupanju VSTV-a BiH nakon \u0161to je predsjednik tog regulatornog tijela [&hellip;]<\/p>\n","protected":false},"author":7,"featured_media":21099,"comment_status":"closed","ping_status":"closed","sticky":false,"template":"","format":"standard","meta":{"inline_featured_image":false,"footnotes":""},"categories":[37,38],"tags":[],"class_list":{"0":"post-21098","1":"post","2":"type-post","3":"status-publish","4":"format-standard","5":"has-post-thumbnail","7":"category-vijesti","8":"category-vijesti-iz-bih"},"acf":[],"_links":{"self":[{"href":"https:\/\/tvsensor.com\/api\/wp\/v2\/posts\/21098","targetHints":{"allow":["GET"]}}],"collection":[{"href":"https:\/\/tvsensor.com\/api\/wp\/v2\/posts"}],"about":[{"href":"https:\/\/tvsensor.com\/api\/wp\/v2\/types\/post"}],"author":[{"embeddable":true,"href":"https:\/\/tvsensor.com\/api\/wp\/v2\/users\/7"}],"replies":[{"embeddable":true,"href":"https:\/\/tvsensor.com\/api\/wp\/v2\/comments?post=21098"}],"version-history":[{"count":2,"href":"https:\/\/tvsensor.com\/api\/wp\/v2\/posts\/21098\/revisions"}],"predecessor-version":[{"id":21101,"href":"https:\/\/tvsensor.com\/api\/wp\/v2\/posts\/21098\/revisions\/21101"}],"wp:featuredmedia":[{"embeddable":true,"href":"https:\/\/tvsensor.com\/api\/wp\/v2\/media\/21099"}],"wp:attachment":[{"href":"https:\/\/tvsensor.com\/api\/wp\/v2\/media?parent=21098"}],"wp:term":[{"taxonomy":"category","embeddable":true,"href":"https:\/\/tvsensor.com\/api\/wp\/v2\/categories?post=21098"},{"taxonomy":"post_tag","embeddable":true,"href":"https:\/\/tvsensor.com\/api\/wp\/v2\/tags?post=21098"}],"curies":[{"name":"wp","href":"https:\/\/api.w.org\/{rel}","templated":true}]}}