{"id":21085,"date":"2020-12-15T19:31:03","date_gmt":"2020-12-15T18:31:03","guid":{"rendered":"https:\/\/senzor.ba\/?p=21085"},"modified":"2024-01-15T21:41:26","modified_gmt":"2024-01-15T20:41:26","slug":"sutra-smjena-aktuelne-i-imenovanje-nove-vlade-tk","status":"publish","type":"post","link":"https:\/\/tvsensor.com\/clanak\/sutra-smjena-aktuelne-i-imenovanje-nove-vlade-tk\/","title":{"rendered":"Sutra smjena aktuelne i imenovanje nove Vlade TK"},"content":{"rendered":"\n<p>Iako su zastupnici u Skup\u0161tini TK iz reda SDP proteklih dvadesetak dana izbjegavali novinare i nisu odgovarali na na\u0161e pozive, a u vezi sa smjenom aktuelne Vlade Tuzlanskog kantona i imenovanjem nove, \u0161to bi trebalo uslijediti sutra, u 10:00 sati na sjednici Skup\u0161tine TK hitnog karaktera, ve\u010deras su se oglasili saop\u0107enjem za javnost.<\/p>\n\n\n\n<p>&#8221;Obavje\u0161tavamo javnost da je u redovnu parlamentarnu proceduru upu\u0107en zahtjev sa 18 potpisa poslanika za zakazivanje hitne sjednice Skup\u0161tine Tuzlanskog kantona, koja \u0107e biti odr\u017eana u srijedu, 16.12.2020. godine, sa po\u010detkom u 10 sati.<\/p>\n\n\n\n<p>Na sjednici Skup\u0161tine \u0107e biti imenovano novo rukovodstvo Skup\u0161tine i smijenjena Vlada Tuzlanskog kantona.<\/p>\n\n\n\n<p>Novoizabrano rukovodstvo Skup\u0161tine TK \u0107e isti dan a na prijedlog SDP-a imenovati mandatara Vlade TK, koji \u0107e predlo\u017eiti sastav nove Vlade TK.<\/p>\n\n\n\n<p>Mandatar \u0107e &nbsp;prilikom imenovanja nove Vlade predstaviti principe i osnovne ciljeve rada nove Vlade Tuzlanskog kantona&#8221;, ka\u017ee se u saop\u0107enju SDP.&nbsp;<\/p>\n\n\n\n<p>Kako smo ranije objavili, mandatar za sastav nove Vlade TK trebao bi biti univerzitetski profesor Kadrija Hod\u017ei\u0107.<\/p>\n\n\n\n<p>federalna.ba<\/p>\n","protected":false},"excerpt":{"rendered":"<p>Iako su zastupnici u Skup\u0161tini TK iz reda SDP proteklih dvadesetak dana izbjegavali novinare i nisu odgovarali na na\u0161e pozive, a u vezi sa smjenom aktuelne Vlade Tuzlanskog kantona i imenovanjem nove, \u0161to bi trebalo uslijediti sutra, u 10:00 sati na sjednici Skup\u0161tine TK hitnog karaktera, ve\u010deras su se oglasili saop\u0107enjem za javnost. &#8221;Obavje\u0161tavamo javnost [&hellip;]<\/p>\n","protected":false},"author":7,"featured_media":21086,"comment_status":"closed","ping_status":"closed","sticky":false,"template":"","format":"standard","meta":{"inline_featured_image":false,"footnotes":""},"categories":[234,37,38],"tags":[],"class_list":{"0":"post-21085","1":"post","2":"type-post","3":"status-publish","4":"format-standard","5":"has-post-thumbnail","7":"category-politika","8":"category-vijesti","9":"category-vijesti-iz-bih"},"acf":[],"_links":{"self":[{"href":"https:\/\/tvsensor.com\/api\/wp\/v2\/posts\/21085","targetHints":{"allow":["GET"]}}],"collection":[{"href":"https:\/\/tvsensor.com\/api\/wp\/v2\/posts"}],"about":[{"href":"https:\/\/tvsensor.com\/api\/wp\/v2\/types\/post"}],"author":[{"embeddable":true,"href":"https:\/\/tvsensor.com\/api\/wp\/v2\/users\/7"}],"replies":[{"embeddable":true,"href":"https:\/\/tvsensor.com\/api\/wp\/v2\/comments?post=21085"}],"version-history":[{"count":2,"href":"https:\/\/tvsensor.com\/api\/wp\/v2\/posts\/21085\/revisions"}],"predecessor-version":[{"id":21088,"href":"https:\/\/tvsensor.com\/api\/wp\/v2\/posts\/21085\/revisions\/21088"}],"wp:featuredmedia":[{"embeddable":true,"href":"https:\/\/tvsensor.com\/api\/wp\/v2\/media\/21086"}],"wp:attachment":[{"href":"https:\/\/tvsensor.com\/api\/wp\/v2\/media?parent=21085"}],"wp:term":[{"taxonomy":"category","embeddable":true,"href":"https:\/\/tvsensor.com\/api\/wp\/v2\/categories?post=21085"},{"taxonomy":"post_tag","embeddable":true,"href":"https:\/\/tvsensor.com\/api\/wp\/v2\/tags?post=21085"}],"curies":[{"name":"wp","href":"https:\/\/api.w.org\/{rel}","templated":true}]}}