{"id":21072,"date":"2020-12-15T18:58:39","date_gmt":"2020-12-15T17:58:39","guid":{"rendered":"https:\/\/senzor.ba\/?p=21072"},"modified":"2024-01-15T21:41:26","modified_gmt":"2024-01-15T20:41:26","slug":"pucnjava-na-bascarsiji","status":"publish","type":"post","link":"https:\/\/tvsensor.com\/clanak\/pucnjava-na-bascarsiji\/","title":{"rendered":"Pucnjava na Ba\u0161\u010dar\u0161iji!"},"content":{"rendered":"\n<p>Gra\u0111ani i prolaznici na Ba\u0161\u010dar\u0161iji u glavnom gradu Bosne i Hercegovine u panici.<br><br>Ekipa tvsensor.com izvje\u0161tava s lica mjesta.<\/p>\n\n\n\n<p>Dvije osobe su ranjenje iz vatrenog oru\u017eja, rije\u010d je o djevoci i mladi\u0107u.<br>Napada\u010d jo\u0161 uvijek nije identifikovan i policija kantona Sarajeva traga za bjeguncem.<\/p>\n\n\n\n<p>Pripadnici zavoda za hitnu medicinsku pomo\u0107 Kantona Sarajevo pru\u017eaju prvu pomo\u0107 ranjenim u pucnjavi.<br><\/p>\n\n\n\n<p>Policijski slu\u017ebenici poduzimaju mjere i radnje na identifikaciji i pronalasku osobe koja je upotrijebila vetreno oru\u017eje.<br><br>Uskoro vam donosimo detaljnije informacije&#8230;<\/p>\n\n\n\n<p><\/p>\n","protected":false},"excerpt":{"rendered":"<p>Gra\u0111ani i prolaznici na Ba\u0161\u010dar\u0161iji u glavnom gradu Bosne i Hercegovine u panici. Ekipa tvsensor.com izvje\u0161tava s lica mjesta. Dvije osobe su ranjenje iz vatrenog oru\u017eja, rije\u010d je o djevoci i mladi\u0107u.Napada\u010d jo\u0161 uvijek nije identifikovan i policija kantona Sarajeva traga za bjeguncem. Pripadnici zavoda za hitnu medicinsku pomo\u0107 Kantona Sarajevo pru\u017eaju prvu pomo\u0107 ranjenim [&hellip;]<\/p>\n","protected":false},"author":57,"featured_media":21076,"comment_status":"closed","ping_status":"closed","sticky":false,"template":"","format":"gallery","meta":{"inline_featured_image":false,"footnotes":""},"categories":[284,37,38],"tags":[],"class_list":{"0":"post-21072","1":"post","2":"type-post","3":"status-publish","4":"format-gallery","5":"has-post-thumbnail","7":"category-izdvojeno","8":"category-vijesti","9":"category-vijesti-iz-bih","10":"post_format-post-format-gallery"},"acf":[],"_links":{"self":[{"href":"https:\/\/tvsensor.com\/api\/wp\/v2\/posts\/21072","targetHints":{"allow":["GET"]}}],"collection":[{"href":"https:\/\/tvsensor.com\/api\/wp\/v2\/posts"}],"about":[{"href":"https:\/\/tvsensor.com\/api\/wp\/v2\/types\/post"}],"author":[{"embeddable":true,"href":"https:\/\/tvsensor.com\/api\/wp\/v2\/users\/57"}],"replies":[{"embeddable":true,"href":"https:\/\/tvsensor.com\/api\/wp\/v2\/comments?post=21072"}],"version-history":[{"count":7,"href":"https:\/\/tvsensor.com\/api\/wp\/v2\/posts\/21072\/revisions"}],"predecessor-version":[{"id":21095,"href":"https:\/\/tvsensor.com\/api\/wp\/v2\/posts\/21072\/revisions\/21095"}],"wp:featuredmedia":[{"embeddable":true,"href":"https:\/\/tvsensor.com\/api\/wp\/v2\/media\/21076"}],"wp:attachment":[{"href":"https:\/\/tvsensor.com\/api\/wp\/v2\/media?parent=21072"}],"wp:term":[{"taxonomy":"category","embeddable":true,"href":"https:\/\/tvsensor.com\/api\/wp\/v2\/categories?post=21072"},{"taxonomy":"post_tag","embeddable":true,"href":"https:\/\/tvsensor.com\/api\/wp\/v2\/tags?post=21072"}],"curies":[{"name":"wp","href":"https:\/\/api.w.org\/{rel}","templated":true}]}}