{"id":21066,"date":"2020-12-15T18:32:58","date_gmt":"2020-12-15T17:32:58","guid":{"rendered":"https:\/\/senzor.ba\/?p=21066"},"modified":"2024-01-15T21:41:26","modified_gmt":"2024-01-15T20:41:26","slug":"deset-godina-bezviznog-rezima-u-bih","status":"publish","type":"post","link":"https:\/\/tvsensor.com\/clanak\/deset-godina-bezviznog-rezima-u-bih\/","title":{"rendered":"Deset godina bezviznog re\u017eima u BiH"},"content":{"rendered":"\n<p>U vremenu pandemije, kada je ljudima u cijelom svijetu onemogu\u0107eno putovanje, na\u0161a zemlja proslavlja jubilarnih 10 godina od ukidanja viznog&nbsp;re\u017eima.<\/p>\n\n\n\n<p>Na dana\u0161nji dan 2010. Evropska unija omogu\u0107ila je svim gra\u0111anima Bosne i Hercegovine putovanje u njene zemlje bez administrativnih postupaka, dodatnih tro\u0161kova i dugih redova ispred ambasada.<\/p>\n\n\n\n<p>Pored toga, izvoz iz na\u0161e zemlje u zemlje Unije, zahvaljuju\u0107i bezviznom re\u017eimu, porastao je sa 40 na 72 odsto.<\/p>\n\n\n\n<p>Jedna je ovo od rijetkih odluka o kojoj je u na\u0161oj zemlji postignut apsolutni konsenzus.<\/p>\n\n\n\n<p>federalna.ba<\/p>\n","protected":false},"excerpt":{"rendered":"<p>U vremenu pandemije, kada je ljudima u cijelom svijetu onemogu\u0107eno putovanje, na\u0161a zemlja proslavlja jubilarnih 10 godina od ukidanja viznog&nbsp;re\u017eima. Na dana\u0161nji dan 2010. Evropska unija omogu\u0107ila je svim gra\u0111anima Bosne i Hercegovine putovanje u njene zemlje bez administrativnih postupaka, dodatnih tro\u0161kova i dugih redova ispred ambasada. Pored toga, izvoz iz na\u0161e zemlje u zemlje [&hellip;]<\/p>\n","protected":false},"author":7,"featured_media":21068,"comment_status":"closed","ping_status":"closed","sticky":false,"template":"","format":"standard","meta":{"inline_featured_image":false,"footnotes":""},"categories":[37,38],"tags":[],"class_list":{"0":"post-21066","1":"post","2":"type-post","3":"status-publish","4":"format-standard","5":"has-post-thumbnail","7":"category-vijesti","8":"category-vijesti-iz-bih"},"acf":[],"_links":{"self":[{"href":"https:\/\/tvsensor.com\/api\/wp\/v2\/posts\/21066","targetHints":{"allow":["GET"]}}],"collection":[{"href":"https:\/\/tvsensor.com\/api\/wp\/v2\/posts"}],"about":[{"href":"https:\/\/tvsensor.com\/api\/wp\/v2\/types\/post"}],"author":[{"embeddable":true,"href":"https:\/\/tvsensor.com\/api\/wp\/v2\/users\/7"}],"replies":[{"embeddable":true,"href":"https:\/\/tvsensor.com\/api\/wp\/v2\/comments?post=21066"}],"version-history":[{"count":2,"href":"https:\/\/tvsensor.com\/api\/wp\/v2\/posts\/21066\/revisions"}],"predecessor-version":[{"id":21070,"href":"https:\/\/tvsensor.com\/api\/wp\/v2\/posts\/21066\/revisions\/21070"}],"wp:featuredmedia":[{"embeddable":true,"href":"https:\/\/tvsensor.com\/api\/wp\/v2\/media\/21068"}],"wp:attachment":[{"href":"https:\/\/tvsensor.com\/api\/wp\/v2\/media?parent=21066"}],"wp:term":[{"taxonomy":"category","embeddable":true,"href":"https:\/\/tvsensor.com\/api\/wp\/v2\/categories?post=21066"},{"taxonomy":"post_tag","embeddable":true,"href":"https:\/\/tvsensor.com\/api\/wp\/v2\/tags?post=21066"}],"curies":[{"name":"wp","href":"https:\/\/api.w.org\/{rel}","templated":true}]}}