{"id":21049,"date":"2020-12-15T16:53:02","date_gmt":"2020-12-15T15:53:02","guid":{"rendered":"https:\/\/senzor.ba\/?p=21049"},"modified":"2024-01-15T21:41:27","modified_gmt":"2024-01-15T20:41:27","slug":"nasa-stranka-ispravna-odluka-komsica-i-dzaferovica","status":"publish","type":"post","link":"https:\/\/tvsensor.com\/clanak\/nasa-stranka-ispravna-odluka-komsica-i-dzaferovica\/","title":{"rendered":"Na\u0161a stranka: Ispravna odluka Kom\u0161i\u0107a i D\u017eaferovi\u0107a"},"content":{"rendered":"\n<p>Sergej Lavrov je upropastio mo\u017eda i posljednju priliku da poka\u017ee kako ruski uticaj u BiH nije maligan. Sad je vi\u0161e nego jasno da su ruski interesi na Balkanu direktno usmjereni protiv interesa BiH, poru\u010dili su danas iz Na\u0161e stranke.<\/p>\n\n\n\n<p>Kako je navedeno u saop\u0107enju, njegova posjeta, na 25. godi\u0161njicu potpisivanja Dejtona, &#8221;desila se s isklju\u010divim ciljem poni\u017eavanja institucija na\u0161e zemlje i bilo kakvog napretka koji smo od tada postigli. Bosna i Hercegovina ne smije biti arena za bilo \u010dija globalna politi\u010dka prepucavanja, pa tako ni ruska. Otud je odluka D\u017eaferovi\u0107a i Kom\u0161i\u0107a da se danas ne sastanu s njim ispravna&#8221;.<\/p>\n\n\n\n<p>U saop\u0107enju su upu\u0107ene kritike na ra\u010dun Bisere Turkovi\u0107, ministrice vanjskih poslova BiH.<\/p>\n\n\n\n<p>&#8221;<strong>Me\u0111utim, odluka Bisere Turkovi\u0107, ministrice vanjskih poslova BiH, da se sastane s Lavrovom je ne\u0161to \u0161to je, najbla\u017ee re\u010deno, iznena\u0111uju\u0107e. Ako se ve\u0107 odlu\u010dila za susret s Lavrovom, onda je gostu s lo\u0161im namjerama trebala uputiti i zamjerke gra\u0111ana, ali i ve\u0107eg dijele bh. politi\u010dara jo\u0161 od sino\u0107 prisutne u javnosti. Nasuprot tome, ona je predstavila odnose izme\u0111u Rusije i BiH kao dobre te jo\u0161 izrazila o\u010dekivanje da \u0107e Rusija podr\u017eati sve dokumente koji su usagla\u0161eni na nivou BiH. To uklju\u010duje i euroatlantske integracije. Svima je jasno ne samo da Rusija to ne\u0107e podr\u017eati, ve\u0107 i da \u0107e praviti opstrukcije na tom putu. Tako\u0111er, nema dobrih odnosa s onima koji ne po\u0161tuju institucije i simbole ove zemlje, a svojim nediplomatskim pona\u0161anjem Lavrov je upravo to pokazao&#8221;,<\/strong>&nbsp;saop\u0107eno je iz Na\u0161e stranke danas..<\/p>\n\n\n\n<p>\u010clanovi Predsjedni\u0161tva BiH \u0160efik D\u017eaferovi\u0107 i \u017deljko Kom\u0161i\u0107 odbili su da se danas u Sarajevu sastanu sa ministrom vanjskih poslova Ruske Federacije Sergejom Lavrovom zbog, kako je navedeno u poja\u0161njenju, nepo\u0161tovanja institucija Bosne i Hercegovine. Ovaj doga\u0111aj izazvao je brojne reakcije. Vijest su prenijeli i brojni\u00a0<strong><a href=\"http:\/\/ba.n1info.com\/Vijesti\/a495374\/Svjetski-mediji-o-bojkotu-sastanka-s-Lavrovim-u-BiH.html\" target=\"_blank\" rel=\"noreferrer noopener\">svjetski mediji<\/a><\/strong>.<\/p>\n\n\n\n<p>Fena<\/p>\n","protected":false},"excerpt":{"rendered":"<p>Sergej Lavrov je upropastio mo\u017eda i posljednju priliku da poka\u017ee kako ruski uticaj u BiH nije maligan. Sad je vi\u0161e nego jasno da su ruski interesi na Balkanu direktno usmjereni protiv interesa BiH, poru\u010dili su danas iz Na\u0161e stranke. Kako je navedeno u saop\u0107enju, njegova posjeta, na 25. godi\u0161njicu potpisivanja Dejtona, &#8221;desila se s isklju\u010divim [&hellip;]<\/p>\n","protected":false},"author":7,"featured_media":21050,"comment_status":"closed","ping_status":"closed","sticky":false,"template":"","format":"standard","meta":{"inline_featured_image":false,"footnotes":""},"categories":[37,38],"tags":[],"class_list":{"0":"post-21049","1":"post","2":"type-post","3":"status-publish","4":"format-standard","5":"has-post-thumbnail","7":"category-vijesti","8":"category-vijesti-iz-bih"},"acf":[],"_links":{"self":[{"href":"https:\/\/tvsensor.com\/api\/wp\/v2\/posts\/21049","targetHints":{"allow":["GET"]}}],"collection":[{"href":"https:\/\/tvsensor.com\/api\/wp\/v2\/posts"}],"about":[{"href":"https:\/\/tvsensor.com\/api\/wp\/v2\/types\/post"}],"author":[{"embeddable":true,"href":"https:\/\/tvsensor.com\/api\/wp\/v2\/users\/7"}],"replies":[{"embeddable":true,"href":"https:\/\/tvsensor.com\/api\/wp\/v2\/comments?post=21049"}],"version-history":[{"count":2,"href":"https:\/\/tvsensor.com\/api\/wp\/v2\/posts\/21049\/revisions"}],"predecessor-version":[{"id":21052,"href":"https:\/\/tvsensor.com\/api\/wp\/v2\/posts\/21049\/revisions\/21052"}],"wp:featuredmedia":[{"embeddable":true,"href":"https:\/\/tvsensor.com\/api\/wp\/v2\/media\/21050"}],"wp:attachment":[{"href":"https:\/\/tvsensor.com\/api\/wp\/v2\/media?parent=21049"}],"wp:term":[{"taxonomy":"category","embeddable":true,"href":"https:\/\/tvsensor.com\/api\/wp\/v2\/categories?post=21049"},{"taxonomy":"post_tag","embeddable":true,"href":"https:\/\/tvsensor.com\/api\/wp\/v2\/tags?post=21049"}],"curies":[{"name":"wp","href":"https:\/\/api.w.org\/{rel}","templated":true}]}}