{"id":20979,"date":"2020-12-14T17:23:36","date_gmt":"2020-12-14T16:23:36","guid":{"rendered":"https:\/\/senzor.ba\/?p=20979"},"modified":"2024-01-15T21:41:29","modified_gmt":"2024-01-15T20:41:29","slug":"tegeltija-i-sabolic-ekonomski-pojas-nece-promijeniti-odnos-hrvatske-prema-bih","status":"publish","type":"post","link":"https:\/\/tvsensor.com\/clanak\/tegeltija-i-sabolic-ekonomski-pojas-nece-promijeniti-odnos-hrvatske-prema-bih\/","title":{"rendered":"Tegeltija i Saboli\u0107: Ekonomski pojas ne\u0107e promijeniti odnos Hrvatske prema BiH"},"content":{"rendered":"\n<p>Predsjedavaju\u0107i Vije\u0107a ministara Bosne i Hercegovine Zoran Tegeltija razgovarao je danas sa ambasadorom Republike Hrvatske u BiH Ivanom Saboli\u0107em o aktuelnim politi\u010dkim i ekonomskim temama.<\/p>\n\n\n\n<p>Ambasador Saboli\u0107 upoznao je predsjedavaju\u0107eg Tegeltiju sa aktivnostima Vlade Republike Hrvatske na dono\u0161enju Prijedloga odluke o progla\u0161enju isklju\u010divog ekonomskog pojasa Hrvatske u Jadranskom moru u skladu sa Konvencijom Ujedinjenih nacija o pravu mora.<\/p>\n\n\n\n<p>Tokom sastanka je istaknuto da progla\u0161enjem isklju\u010divog ekonomskog pojasa Hrvatske ne\u0107e do\u0107i ni do kakvih promjena u odnosu prema BiH jer se on progla\u0161ava u istom podru\u010dju mora u kojem se sada prote\u017ee za\u0161ti\u0107eni ekolo\u0161ko-ribolovni pojas RH (ZERP), koji se ve\u0107 sada u potpunosti primjenjuje na BiH.<\/p>\n\n\n\n<p>Sagovornici su zajedni\u010dki ocijenili dobrom saradnju dviju zemalja, te ukazali na mogu\u0107nost njenog unapre\u0111enja&nbsp; u oblastima od obostranog interesa, saop\u0107eno je iz Vije\u0107a ministara BiH.<\/p>\n\n\n\n<p>Fena<\/p>\n","protected":false},"excerpt":{"rendered":"<p>Predsjedavaju\u0107i Vije\u0107a ministara Bosne i Hercegovine Zoran Tegeltija razgovarao je danas sa ambasadorom Republike Hrvatske u BiH Ivanom Saboli\u0107em o aktuelnim politi\u010dkim i ekonomskim temama. Ambasador Saboli\u0107 upoznao je predsjedavaju\u0107eg Tegeltiju sa aktivnostima Vlade Republike Hrvatske na dono\u0161enju Prijedloga odluke o progla\u0161enju isklju\u010divog ekonomskog pojasa Hrvatske u Jadranskom moru u skladu sa Konvencijom Ujedinjenih nacija [&hellip;]<\/p>\n","protected":false},"author":7,"featured_media":20980,"comment_status":"closed","ping_status":"closed","sticky":false,"template":"","format":"standard","meta":{"inline_featured_image":false,"footnotes":""},"categories":[37,38],"tags":[],"class_list":{"0":"post-20979","1":"post","2":"type-post","3":"status-publish","4":"format-standard","5":"has-post-thumbnail","7":"category-vijesti","8":"category-vijesti-iz-bih"},"acf":[],"_links":{"self":[{"href":"https:\/\/tvsensor.com\/api\/wp\/v2\/posts\/20979","targetHints":{"allow":["GET"]}}],"collection":[{"href":"https:\/\/tvsensor.com\/api\/wp\/v2\/posts"}],"about":[{"href":"https:\/\/tvsensor.com\/api\/wp\/v2\/types\/post"}],"author":[{"embeddable":true,"href":"https:\/\/tvsensor.com\/api\/wp\/v2\/users\/7"}],"replies":[{"embeddable":true,"href":"https:\/\/tvsensor.com\/api\/wp\/v2\/comments?post=20979"}],"version-history":[{"count":2,"href":"https:\/\/tvsensor.com\/api\/wp\/v2\/posts\/20979\/revisions"}],"predecessor-version":[{"id":20982,"href":"https:\/\/tvsensor.com\/api\/wp\/v2\/posts\/20979\/revisions\/20982"}],"wp:featuredmedia":[{"embeddable":true,"href":"https:\/\/tvsensor.com\/api\/wp\/v2\/media\/20980"}],"wp:attachment":[{"href":"https:\/\/tvsensor.com\/api\/wp\/v2\/media?parent=20979"}],"wp:term":[{"taxonomy":"category","embeddable":true,"href":"https:\/\/tvsensor.com\/api\/wp\/v2\/categories?post=20979"},{"taxonomy":"post_tag","embeddable":true,"href":"https:\/\/tvsensor.com\/api\/wp\/v2\/tags?post=20979"}],"curies":[{"name":"wp","href":"https:\/\/api.w.org\/{rel}","templated":true}]}}